{"id":29543,"date":"2021-10-08T00:00:00","date_gmt":"2021-10-07T22:00:00","guid":{"rendered":"https:\/\/www.siroko.com\/blog\/c\/cyklisticky-pruvodce-co-si-vzit-pri-podzimnich-projizdkach-na-sebe\/"},"modified":"2021-10-18T09:09:48","modified_gmt":"2021-10-18T07:09:48","slug":"cyklisticky-pruvodce-co-si-vzit-pri-podzimnich-projizdkach-na-sebe","status":"publish","type":"post","link":"https:\/\/www.siroko.com\/blog\/c\/cs\/cyklisticky-pruvodce-co-si-vzit-pri-podzimnich-projizdkach-na-sebe\/","title":{"rendered":"Cyklistick\u00fd pr\u016fvodce: co si vz\u00edt p\u0159i podzimn\u00edch proj\u00ed\u017e\u010fk\u00e1ch na sebe"},"content":{"rendered":"<p><b><\/b><span style=\"font-weight: 400;\">Op\u011bt tu m\u00e1me ro\u010dn\u00ed obdob\u00ed, kdy odkl\u00e1d\u00e1me letn\u00ed cyklistick\u00fd od\u011bv a d\u00edv\u00e1me se po n\u011b\u010dem teplej\u0161\u00edm. Tato zm\u011bna v\u0161ak nep\u0159ich\u00e1z\u00ed p\u0159es noc, a jeliko\u017e je po\u010das\u00ed v jednotliv\u00fdch regionech dosti prom\u011bnliv\u00e9, najdeme dnes v obchodech celou \u0161k\u00e1lu cyklistick\u00e9ho oble\u010den\u00ed, kter\u00e9 n\u00e1s ochr\u00e1n\u00ed p\u0159ed jak\u00fdmkoliv druhem po\u010das\u00ed, a\u0165 u\u017e zimou, v\u011btrem, nebo de\u0161t\u011bm. Ka\u017ed\u00fd cyklista, odhodlan\u00fd \u0161l\u00e1pnout do ped\u00e1l\u016f i na podzim, mus\u00ed br\u00e1t v \u00favahu povahu po\u010das\u00ed ve sv\u00e9 oblasti a p\u0159izp\u016fsobit mu sv\u00e9 oble\u010den\u00ed i celkovou v\u00fdbavu. V\u017edy <\/span><b>bychom m\u011bli hledat optim\u00e1ln\u00ed prody\u0161nost a v\u0161estrannost a ujistit se, \u017ee se vybran\u00e9 polo\u017eky daj\u00ed snadno nasadit, sundat a uskladnit v kapse od dresu<\/b><span style=\"font-weight: 400;\">.<\/span><\/p>\n<p><span style=\"font-weight: 400;\">V tomto z\u00e1kladn\u00edm n\u00e1vodu, kter\u00fd pokr\u00fdv\u00e1 v\u0161echny \u010d\u00e1sti t\u011bla, v\u00e1s provedeme r\u016fzn\u00fdmi druhy oble\u010den\u00ed, kter\u00e9 si m\u016f\u017eete vz\u00edt na podzim na sebe:<\/span><\/p>\n<h3><span style=\"font-weight: 400;\"><\/span><b>Hlava<\/b><\/h3>\n<ul>\n<li style=\"font-weight: 400;\"><a href=\"https:\/\/www.siroko.com\/products\/essential-cap-cycling-cap-under-helmet\" target=\"_blank\" rel=\"noopener noreferrer\"><b>Tepl\u00e1 \u010depice pod p\u0159ilbu<\/b><\/a><span style=\"font-weight: 400;\">. Nemus\u00ed to b\u00fdt p\u0159\u00edmo zimn\u00ed model, letn\u00ed nebo mezisez\u00f3nn\u00ed \u010depice bohat\u011b posta\u010d\u00ed. Vyr\u00e1b\u00ed se v rozli\u010dn\u00fdch tvarech, podob\u00e1ch a pod r\u016fzn\u00fdmi n\u00e1zvy: \u010depice pod helmu, pod p\u0159ilbu, cyklo\u010depice, cyklistick\u00e1 \u010dapka atd. K dost\u00e1n\u00ed jsou i modely s extra ochranou u\u0161\u00ed.<\/span><\/li>\n<\/ul>\n<p><img decoding=\"async\" src=\"https:\/\/www.siroko.com\/blog\/c\/app\/uploads\/2021\/10\/gorro-essential-cap-girado.jpg\" alt=\"\" title=\"\"><\/p>\n<ul>\n<li style=\"font-weight: 400;\"><b>Klapky na u\u0161i a \u010delenky<\/b><span style=\"font-weight: 400;\">. Jejich p\u0159\u00ednos ocen\u00edte zejm\u00e9na tehdy, chcete-li chr\u00e1nit sv\u00e9 u\u0161i p\u0159ed chladem, a z\u00e1rove\u0148 dop\u0159\u00e1t zbytku hlavy lep\u0161\u00ed chlazen\u00ed a odv\u011btr\u00e1v\u00e1n\u00ed.<\/span><\/li>\n<li style=\"font-weight: 400;\"><b>\u0160\u00e1tky<\/b><span style=\"font-weight: 400;\">. Ochr\u00e1n\u00ed v\u00e1s p\u0159ed slune\u010dn\u00edm z\u00e1\u0159en\u00edm, ale se zimou, v\u011btrem a chladem toho moc nezm\u016f\u017eou.<\/span><\/li>\n<li style=\"font-weight: 400;\"><b>Cyklistick\u00e9 \u010depice<\/b><span style=\"font-weight: 400;\">. V z\u00e1vislosti na tom, jak moc v\u00e1m b\u00fdv\u00e1 teplo\/zima, je m\u016f\u017eete nosit bu\u010f v l\u00e9t\u011b, nebo v zim\u011b. N\u011bkter\u00e9 modely jsou sice vod\u011bodoln\u00e9, ale za to m\u00e9n\u011b prody\u0161n\u00e9, tak\u017ee se v nich budete v hork\u00e9m po\u010das\u00ed p\u011bkn\u011b potit. Nosit byste je tedy m\u011bli pouze do de\u0161t\u011b.<\/span><\/li>\n<li style=\"font-weight: 400;\"><b>Aero helmy a klasick\u00e9 p\u0159ilby se sko\u0159epinou<\/b><span style=\"font-weight: 400;\">. Je na nich m\u00e9n\u011b v\u011btrac\u00edch otvor\u016f, tak\u017ee v\u00e1s l\u00e9pe ochr\u00e1n\u00ed p\u0159ed zimou. Otvory lze v p\u0159\u00edpad\u011b pot\u0159eby jednodu\u0161e zakr\u00fdt.<\/span><\/li>\n<\/ul>\n<h3><b>Krk<\/b><\/h3>\n<ul>\n<li style=\"font-weight: 400;\"><a href=\"https:\/\/www.siroko.com\/products\/climastar-neck-warmer\" target=\"_blank\" rel=\"noopener noreferrer\"><span style=\"font-weight: 400;\">Lehk\u00e9 a tenk\u00e9 <\/span><b>n\u00e1kr\u010dn\u00edky<\/b><\/a><span style=\"font-weight: 400;\">. Extra ochrana pro chladn\u00e1 r\u00e1na nebo p\u0159i sjezdu ve vysok\u00fdch nadmo\u0159sk\u00fdch v\u00fd\u0161k\u00e1ch.<\/span><\/li>\n<\/ul>\n<p><img decoding=\"async\" src=\"https:\/\/www.siroko.com\/blog\/c\/app\/uploads\/2021\/10\/climastar-neck-warmer-01-frontal.jpg\" alt=\"\" title=\"\"><\/p>\n<ul>\n<li style=\"font-weight: 400;\"><a href=\"https:\/\/www.siroko.com\/collections\/vetruodolne-cyklisticke-vesty-zeny\" target=\"_blank\" title=\"VESTY D\u00c1MSK\u00c9\" rel=\"noopener noreferrer\"><b>Cyklistick\u00e9 vesty<\/b><\/a><b>, dresy a lehk\u00e9 bundy s vysok\u00fdm l\u00edmcem<\/b><span style=\"font-weight: 400;\">. Jsou univerz\u00e1ln\u011bj\u0161\u00ed, jeden kus oble\u010den\u00ed nab\u00edz\u00ed dvoj\u00ed funk\u010dnost.<\/span><\/li>\n<\/ul>\n<p><span style=\"font-weight: 400;\"><img decoding=\"async\" src=\"https:\/\/www.siroko.com\/blog\/c\/app\/uploads\/2021\/10\/langkawi-cycling-vest-frontal.jpg\" alt=\"\" title=\"\"><\/span><\/p>\n<h3><b>Horn\u00ed polovina t\u011bla<\/b><\/h3>\n<p><a href=\"https:\/\/www.siroko.com\/blogs\/cs\/co-si-obleknout-v-zime-k-ochrane-telesneho-jadra\" target=\"_blank\" title=\"CO SI OBL\u00c9KNOUT V ZIM\u011a K OCHRAN\u011a T\u011aLESN\u00c9HO J\u00c1DRA\" rel=\"noopener noreferrer\"><span style=\"font-weight: 400;\">Na horn\u00ed polovinu t\u011bla obvykle navl\u00e9k\u00e1me n\u011bkolik vrstev<\/span><\/a><span style=\"font-weight: 400;\">, co\u017e n\u00e1m d\u00e1v\u00e1 prostor ke kombinov\u00e1n\u00ed r\u016fzn\u00fdch mo\u017enost\u00ed. V\u017edy je ale lep\u0161\u00ed vz\u00edt si jednu vrstvu nav\u00edc, kterou si m\u016f\u017eeme sundat, kdy\u017e je n\u00e1m horko, ne\u017e potom klepat kosu v nedostate\u010dn\u00e9m \u010di vlhk\u00e9m oble\u010den\u00ed.\u00a0<\/span><\/p>\n<ul>\n<li style=\"font-weight: 400;\"><b>Funk\u010dn\u00ed pr\u00e1dlo<\/b><span style=\"font-weight: 400;\"> &#8211; <\/span><a href=\"https:\/\/www.siroko.com\/collections\/cyklisticke-spodni-pradlo-zeny\" target=\"_blank\" title=\"SPODN\u00cd PR\u00c1DLO D\u00c1MSK\u00c9\" rel=\"noopener noreferrer\"><span style=\"font-weight: 400;\">Funk\u010dn\u00ed pr\u00e1dlo<\/span><\/a><span style=\"font-weight: 400;\"> vyroben\u00e9 ze syntetick\u00e9 s\u00ed\u0165oviny, s kr\u00e1tk\u00fdmi ruk\u00e1vy \u010di \u00fapln\u011b bez nich, se skv\u011ble hod\u00ed do teplej\u0161\u00edch podzimn\u00edch dn\u00ed a pro cyklisty, kter\u00fdm b\u00fdv\u00e1 na kole horko. Do chladn\u011bj\u0161\u00edho po\u010das\u00ed a pro cyklisty citliv\u011bj\u0161\u00ed na teplotu je pak mnohem lep\u0161\u00ed pou\u017e\u00edt funk\u010dn\u00ed pr\u00e1dlo vyroben\u00e9 z Merino ov\u010d\u00ed vlny, a to bu\u010f s kr\u00e1tk\u00fdmi, nebo dlouh\u00fdmi ruk\u00e1vy. Pamatujte, \u017ee p\u0159es funk\u010dn\u00ed pr\u00e1dlo s dlouh\u00fdmi ruk\u00e1vy byste m\u011bli nosit je\u0161t\u011b dal\u0161\u00ed vrstvu s dlouh\u00fdm ruk\u00e1vem, a\u0165 u\u017e dres, nebo leh\u010d\u00ed bundu.<\/span><\/li>\n<\/ul>\n<p><span style=\"font-weight: 400;\"><img decoding=\"async\" src=\"https:\/\/www.siroko.com\/blog\/c\/app\/uploads\/2021\/09\/srx-pro-team-base-layer-women-lifestyle-estudio-02.jpg\" alt=\"\" title=\"\"><\/span><\/p>\n<ul>\n<li style=\"font-weight: 400;\"><b>St\u0159edn\u00ed vrstva<\/b><span style=\"font-weight: 400;\"> &#8211; <\/span><a href=\"https:\/\/www.siroko.com\/collections\/cyklodresy\" target=\"_blank\" title=\"DRESY P\u00c1NSK\u00c9\" rel=\"noopener noreferrer\"><span style=\"font-weight: 400;\">Dres s dlouh\u00fdmi \u010di kr\u00e1tk\u00fdmi ruk\u00e1vy<\/span><\/a><span style=\"font-weight: 400;\">, lehk\u00e1 bunda; pokud toto oble\u010den\u00ed vhodn\u011b nakombinujete s ostatn\u00edmi vrstvami, umo\u017en\u00ed v\u00e1m p\u0159izp\u016fsobit se jak\u00fdmkoliv teplotn\u00edm podm\u00ednk\u00e1m. V p\u0159\u00edpad\u011b, \u017ee m\u00e1te kvalitn\u00ed vn\u011bj\u0161\u00ed vrstvu, kter\u00e1 i v chladn\u011bj\u0161\u00edch podm\u00ednk\u00e1ch udr\u017e\u00ed t\u011blesn\u00e9 teplo, tak v\u00e1m posta\u010d\u00ed i oby\u010dejn\u00fd letn\u00ed dres. P\u0159\u00edpadn\u011b m\u016f\u017eete pou\u017e\u00edt t\u011b\u017e\u0161\u00ed, neperforovanou tkaninu, merino vlnu \u010di technick\u00e1 syntetick\u00e1 vl\u00e1kna s izola\u010dn\u00edmi nebo vod\u011bodoln\u00fdmi vlastnostmi. Jsou dostupn\u00e9 v r\u016fzn\u00fdch cenov\u00fdch kategori\u00edch.<\/span><\/li>\n<\/ul>\n<ul>\n<li style=\"font-weight: 400;\"><b>Vn\u011bj\u0161\u00ed vrstva<\/b><span style=\"font-weight: 400;\"> &#8211; M\u016f\u017ee to b\u00fdt nap\u0159\u00edklad super <\/span><a href=\"https:\/\/www.siroko.com\/collections\/vetruodolne-cyklisticke-vesty\" target=\"_blank\" title=\"VESTY P\u00c1NSK\u00c9\" rel=\"noopener noreferrer\"><span style=\"font-weight: 400;\">univerz\u00e1ln\u00ed cyklistick\u00e1 vesta<\/span><\/a><span style=\"font-weight: 400;\"> v jak\u00e9koliv jej\u00ed podob\u011b, p\u0159\u00edpadn\u011b vod\u011bodoln\u00e1 \u010di vodoodpudiv\u00e1 bunda do de\u0161t\u011b, kter\u00e1 se snadno vejde do kapsy pro p\u0159\u00edpad pot\u0159eby. Sundavac\u00ed t\u0159et\u00ed vrstvu m\u016f\u017ee tvo\u0159it i dres s dlouh\u00fdm ruk\u00e1vem nebo lehk\u00e1 bunda.<\/span><\/li>\n<\/ul>\n<h3><b>Pa\u017ee<\/b><\/h3>\n<p><span style=\"font-weight: 400;\"><img decoding=\"async\" src=\"https:\/\/www.siroko.com\/blog\/c\/app\/uploads\/2021\/10\/siroko-cold-block-arm-wamer-flotando.jpg\" alt=\"\" title=\"\"><\/span><\/p>\n<p><span style=\"font-weight: 400;\">Pokud si vezmete dres s kr\u00e1tk\u00fdm ruk\u00e1vem, tak byste m\u011bli m\u00edt n\u00e1vleky na ruce. Bu\u010f si je rovnou oble\u010dte na sebe, nebo je dejte do kapsy u dresu, ale nikdy nevyj\u00ed\u017ed\u011bjte bez nich. V oblastech s m\u00edrn\u011bj\u0161\u00edm podzimn\u00edm po\u010das\u00edm v\u00e1m posta\u010d\u00ed <\/span><a href=\"https:\/\/www.siroko.com\/products\/climatik-arm-warmers\" target=\"_blank\" rel=\"noopener noreferrer\"><span style=\"font-weight: 400;\">tenk\u00e9 letn\u00ed n\u00e1vleky<\/span><\/a><span style=\"font-weight: 400;\">, ale v chladn\u00fdch a v\u011btrn\u00fdch podm\u00ednk\u00e1ch s\u00e1hn\u011bte po <\/span><a href=\"https:\/\/www.siroko.com\/products\/coldblock-arm-warmers\" target=\"_blank\" rel=\"noopener noreferrer\"><span style=\"font-weight: 400;\">zimn\u00edch n\u00e1vlec\u00edch na ruce s technickou tkaninou<\/span><\/a><span style=\"font-weight: 400;\">. N\u011bkter\u00e9 modely jsou dokonce vodoodpudiv\u00e9.<\/span><\/p>\n<h3><b>Ruce<\/b><\/h3>\n<p><span style=\"font-weight: 400;\">D\u016fkladn\u00e1 ochrana t\u00e9to \u010d\u00e1sti t\u011bla je nezbytn\u00e1, jeliko\u017e rukama dr\u017e\u00edme \u0159id\u00edtka a prsty zase pou\u017e\u00edv\u00e1me k ovl\u00e1d\u00e1n\u00ed brzd a p\u0159ehazova\u010dky. Proto bychom m\u011bli db\u00e1t na jejich ochranu a pohodl\u00ed t\u00edm, \u017ee je budeme chr\u00e1nit p\u0159ed zimou i dal\u0161\u00edmi negativn\u00edmi faktory. Jeliko\u017e m\u00e1 ka\u017ed\u00fd cyklista jin\u00e9 po\u017eadavky, m\u00e1me na v\u00fdb\u011br z n\u011bkolika mo\u017enost\u00ed:<\/span><\/p>\n<ul>\n<li style=\"font-weight: 400;\"><b>Cyklistick\u00e9 rukavice<\/b><span style=\"font-weight: 400;\">. Pokud je podzim m\u00edrn\u00fd a sp\u00ed\u0161e tepl\u00fd, patrn\u011b si vysta\u010d\u00edte jen s letn\u00edmi bezprst\u00fdmi rukavicemi. Mezisez\u00f3nn\u00ed modely pak nab\u00edz\u00ed lep\u0161\u00ed ochranu na prstech a na h\u0159betu ruky. K dost\u00e1n\u00ed jsou rovn\u011b\u017e bezprst\u00e9 rukavice s klopou (cyklistick\u00e9 rukavice s odn\u00edmateln\u00fdm vr\u0161kem). <\/span><span style=\"font-weight: 400;\">\n<p><\/span><\/li>\n<li style=\"font-weight: 400;\"><b>Prstov\u00e9 rukavice<\/b><span style=\"font-weight: 400;\"><br \/><\/span><\/li>\n<ul>\n<li style=\"font-weight: 400;\"><b>Letn\u00ed prstov\u00e9 rukavice<\/b><span style=\"font-weight: 400;\">. Tyto rukavice pokr\u00fdvaj\u00ed celou d\u00e9lku prst\u016f a pou\u017e\u00edvaj\u00ed se zejm\u00e9na p\u0159i horsk\u00e9 cyklistice.<\/span><\/li>\n<li style=\"font-weight: 400;\"><b>Mezisez\u00f3nn\u00ed prstov\u00e9 rukavice<\/b><span style=\"font-weight: 400;\">. Jsou lehk\u00e9 a nab\u00edz\u00ed i ur\u010dit\u00fd stupe\u0148 tepeln\u00e9 izolace, a\u0165 u\u017e d\u00edky siln\u011bj\u0161\u00ed vrstv\u011b l\u00e1tky, nebo kv\u016fli syntetick\u00fdm\/p\u0159\u00edrodn\u00edm technick\u00fdm vl\u00e1kn\u016fm.<\/span><\/li>\n<li style=\"font-weight: 400;\"><b>Zimn\u00ed prstov\u00e9 rukavice a rukavice do chladn\u00e9ho po\u010das\u00ed<\/b><span style=\"font-weight: 400;\">. Ur\u010dit\u011b je vyu\u017eijete, pokud je u v\u00e1s chladn\u00e9 a v\u011btrn\u00e9 po\u010das\u00ed. Tento typ rukavic se vyr\u00e1b\u00ed z tkanin, jako je Gore-Tex\u00ae, Windstopper\u00ae, PrimaLoft\u00ae, Polartec\u00ae atd. Leh\u010d\u00ed a ten\u010d\u00ed modely se skv\u011ble hod\u00ed na podzimn\u00ed proj\u00ed\u017e\u010fky.<\/span><\/li>\n<li style=\"font-weight: 400;\"><b>Prstov\u00e9 rukavice do de\u0161t\u011b<\/b><span style=\"font-weight: 400;\">. Krom\u011b toho, \u017ee chr\u00e1n\u00ed p\u0159ed zimou a v\u011btrem, jsou rovn\u011b\u017e vodoodpudiv\u00e9. Nev\u00fdhodou je, \u017ee nejsou moc prody\u0161n\u00e9, tak\u017ee v tepl\u00e9m po\u010das\u00ed \u010di b\u011bhem intenzivn\u00edho tr\u00e9ninku budete m\u00edt \u00fapln\u011b propocen\u00e9 ruce.<\/span><\/li>\n<\/ul>\n<\/ul>\n<h3><b>Nohy<\/b><\/h3>\n<ul>\n<li style=\"font-weight: 400;\"><b>Cyklistick\u00e9 kra\u0165asy s tepelnou izolac\u00ed a\/nebo s vodoodpudivou \u00fapravou<\/b><span style=\"font-weight: 400;\">. P\u0159edstavte si zkr\u00e1cenou verzi zimn\u00edch cyklistick\u00fdch kalhot. Jsou vyrobeny z technick\u00fdch tkanin s vnit\u0159n\u00ed pod\u0161\u00edvkou, nebo bez n\u00ed. V pase jsou o n\u011bco vy\u0161\u0161\u00ed, aby poskytovaly extra ochranu p\u0159ed chladem. K\u0161andy mohou rovn\u011b\u017e obsahovat extra pod\u0161\u00edvku a mus\u00ed b\u00fdt pom\u011brn\u011b pevn\u00e9, nebo\u0165 tento druh \u0161ortek b\u00fdv\u00e1 t\u011b\u017e\u0161\u00ed. Nohavice pak mohou b\u00fdt o n\u011bco del\u0161\u00ed. V kombinaci s n\u00e1vleky na nohy a kolena jsou vynikaj\u00edc\u00ed volbou do m\u00edrn\u011bj\u0161\u00edch podzimn\u00edch a zimn\u00edch dn\u016f.<\/span><\/li>\n<li style=\"font-weight: 400;\"><b>N\u00e1vleky na kolena<\/b><span style=\"font-weight: 400;\">. Jednotliv\u00e9 modely se li\u0161\u00ed v z\u00e1vislosti na izola\u010dn\u00edch vlastnostech, ale pro podzimn\u00ed proj\u00ed\u017e\u010fky by m\u011bly b\u00fdt tepl\u00e9, prody\u0161n\u00e9, pru\u017en\u00e9, <\/span><span style=\"font-weight: 400;\">s ploch\u00fdmi \u0161vy, anatomick\u00fdm st\u0159ihem<\/span><span style=\"font-weight: 400;\"> a reflexn\u00edmi prvky. Man\u017eeta by m\u011bla b\u00fdt elastick\u00e1, aby byla pohodln\u00e1 v oblasti pod kolenem. Na horn\u00ed \u010d\u00e1sti by m\u011bl b\u00fdt elastick\u00fd popruh s vnit\u0159n\u00edmi i vn\u011bj\u0161\u00edmi \u00fachyty, kter\u00fdmi se d\u00e1 n\u00e1vlek p\u0159ichytit ke stehnu i k oble\u010den\u00ed, aby neklouzal. Obvykle se nos\u00ed pod cyklistick\u00fdmi kra\u0165asy, podobn\u011b jako n\u00e1vleky na nohy.<\/span><\/li>\n<li style=\"font-weight: 400;\"><b>N\u00e1vleky na nohy<\/b><span style=\"font-weight: 400;\">. Co se t\u00fd\u010de vlastnost\u00ed a zp\u016fsobu pou\u017eit\u00ed, jsou velice podobn\u00e9 n\u00e1vlek\u016fm na kolena. Li\u0161\u00ed se p\u0159edev\u0161\u00edm v tom, \u017ee n\u00e1vleky na nohy m\u00edvaj\u00ed zipy u kotn\u00edk\u016f pro snadn\u011bj\u0161\u00ed nandav\u00e1n\u00ed a sundav\u00e1n\u00ed.<\/span><\/li>\n<li style=\"font-weight: 400;\"><b>Cyklistick\u00e9 \u00be kalhoty<\/b><span style=\"font-weight: 400;\">. N\u011bkter\u00e9 leh\u010d\u00ed modely jsou v podstat\u011b del\u0161\u00ed verz\u00ed klasick\u00fdch letn\u00edch cyklistick\u00fdch kra\u0165as\u016f, zat\u00edmco modely do chladn\u00e9ho po\u010das\u00ed jsou o \u00bc krat\u0161\u00ed verz\u00ed b\u011b\u017en\u00fdch zimn\u00edch kalhot. Prvn\u00ed zmi\u0148ovan\u00e9 se skv\u011ble hod\u00ed do teplej\u0161\u00edch podzimn\u00edch dn\u016f a pro cyklisty, kter\u00fdm b\u00fdv\u00e1 \u010dasto horko \u010di kte\u0159\u00ed intenzivn\u011b tr\u00e9nuj\u00ed. Teplej\u0161\u00ed modely se pak pou\u017e\u00edvaj\u00ed p\u0159i teplot\u00e1ch okolo 10 \u00b0C. Z\u00edsk\u00e1te tak dva od\u011bvy v jednom, se v\u0161emi v\u00fdhodami i nev\u00fdhodami, kter\u00e9 p\u0159in\u00e1\u0161\u00ed: stoj\u00ed m\u00e9n\u011b a l\u00e9pe padnou, ale v hork\u00e9m po\u010das\u00ed si je nem\u016f\u017eete jen tak sundat.<\/span><\/li>\n<li style=\"font-weight: 400;\"><b>Lehk\u00e9 mezisez\u00f3nn\u00ed cyklistick\u00e9 kalhoty<\/b><span style=\"font-weight: 400;\">. Jedn\u00e1 se v podstat\u011b o zimn\u00ed cyklistick\u00e9 kalhoty s minimem tepeln\u00e9 izolace na v\u011bt\u0161in\u011b panelech, \u010di \u00fapln\u011b bez n\u00ed. Pouze na p\u0159edn\u00edm panelu je slab\u0161\u00ed pod\u0161\u00edvka, jeliko\u017e tato oblast b\u00fdv\u00e1 hojn\u011b vystavena v\u011btru a chladu. Mo\u017en\u00e1 se v\u00e1m nezdaj\u00ed dvakr\u00e1t univerz\u00e1ln\u00ed, ale pokud je ve va\u0161\u00ed oblasti m\u00edrn\u011bj\u0161\u00ed podzim (nebo zima), tak v\u00e1m mohou p\u0159ij\u00edt vhod. Jejich pou\u017eit\u00ed m\u016f\u017eete zv\u00e1\u017eit i tehdy, je-li v\u00e1m v klasick\u00fdch zimn\u00edch kalhotech za j\u00edzdy vedro.<\/span><\/li>\n<\/ul>\n<h3><b>Chodidla<\/b><\/h3>\n<p><span style=\"font-weight: 400;\">Poj\u010fme na to p\u011bkn\u011b popo\u0159ad\u011b:\u00a0<\/span><\/p>\n<ul>\n<li style=\"font-weight: 400;\"><b>Siln\u011bj\u0161\u00ed, tepl\u00e9 pono\u017eky (ze syntetick\u00e9 nebo merino vlny)<\/b><span style=\"font-weight: 400;\">. Levn\u00e9 \u0159e\u0161en\u00ed, kter\u00e9 ale poskytuje lep\u0161\u00ed izolaci.<\/span><\/li>\n<li style=\"font-weight: 400;\"><b>Cyklistick\u00e9 boty s men\u0161\u00edm odv\u011btr\u00e1v\u00e1n\u00edm<\/b><span style=\"font-weight: 400;\">. Tahle mo\u017enost je ze v\u0161ech nejdra\u017e\u0161\u00ed, jeliko\u017e budete pot\u0159ebovat alespo\u0148 dva p\u00e1ry cyklistick\u00fdch bot, jedny na l\u00e9to a druh\u00e9 na zimu. Rozhodn\u011b je nedoporu\u010dujeme, pokud se v\u00e1m hodn\u011b pot\u00ed chodidla. Zimn\u00ed boty s membr\u00e1nou Gore-Tex\u00ae jsou na podzim vhodn\u00e9 pouze pro horskou cyklistiku.<\/span><\/li>\n<li style=\"font-weight: 400;\"><b>N\u00e1vleky na \u0161pi\u010dky nohou<\/b><span style=\"font-weight: 400;\">. Tato mo\u017enost je ze v\u0161ech nejprakti\u010dt\u011bj\u0161\u00ed. Zakr\u00fdvaj\u00ed odv\u011btr\u00e1vac\u00ed d\u00edry v p\u0159edn\u00ed \u010d\u00e1sti bot, \u010d\u00edm\u017e udr\u017euj\u00ed prsty v teple. Daj\u00ed se snadno nasadit, sundat a ulo\u017eit do kapsy.<\/span><\/li>\n<li style=\"font-weight: 400;\"><b>N\u00e1vleky na boty<\/b><span style=\"font-weight: 400;\">. Ultralehk\u00e9, aerodynamick\u00e9 n\u00e1vleky na boty vyroben\u00e9 z tenk\u00e9 lycry \u010di jin\u00e9 druhy n\u00e1vlek\u016f jsou skv\u011blou volbou do teplej\u0161\u00edch podzimn\u00edch dn\u00ed a pro cyklisty, kte\u0159\u00ed nejsou tak citliv\u00ed na teplotu. Pokud je v\u0161ak po\u010das\u00ed chladn\u00e9 a v\u011btrn\u00e9, zvolte rad\u011bji v\u011btruodoln\u00e9 tkaniny. Kdy\u017e mrhol\u00ed, vyberte si vod\u011bodoln\u00fd, ale prody\u0161n\u00fd model. Do v\u011bt\u0161\u00edch lij\u00e1k\u016f je pak vhodn\u00fd vod\u011bodoln\u00fd silikon nebo siln\u00e1 vrstva neoprenu, kter\u00e1 va\u0161e chodidla udr\u017e\u00ed n\u011bjakou dobu v suchu. M\u016f\u017eete si v\u0161ak b\u00fdt jisti, \u017ee nakonec se voda p\u0159ece jen dostane dovnit\u0159.<\/span><\/li>\n<\/ul>\n<p><span style=\"font-weight: 400;\">Tolik tedy k na\u0161im rad\u00e1m. Je u\u017e pak na ka\u017ed\u00e9m cyklistovi zvl\u00e1\u0161\u0165, aby si vyzkou\u0161el, co pro n\u011bj funguje nejl\u00e9pe. Jinak ne\u017e metodou pokus-omyl to nejde. Jedin\u00e9, co v\u00e1m m\u016f\u017eeme \u0159\u00edct s jistotou, je, \u017ee z toho obrovsk\u00e9ho mno\u017estv\u00ed dostupn\u00fdch produkt\u016f si rozhodn\u011b vybere ka\u017ed\u00fd z n\u00e1s. Poj\u010fme si to tedy shrnout do t\u0159\u00ed kr\u00e1tk\u00fdch bod\u016f:<\/span><\/p>\n<ol>\n<li><strong>Kupujte oble\u010den\u00ed, kter\u00e9 je prody\u0161n\u00e9, univerz\u00e1ln\u00ed a kter\u00e9 se snadno obl\u00e9k\u00e1, svl\u00e9k\u00e1 a skladuje v kapse.<\/strong><\/li>\n<li><strong>V\u017edy dbejte na to, aby byly v\u00e1\u0161 od\u011bv a dal\u0161\u00ed dopl\u0148ky \u0159\u00e1dn\u011b ozna\u010deny reflexn\u00edmi prvky.<\/strong><\/li>\n<li><strong>Starejte se o sv\u00e9 ruce a chodidla.<\/strong><\/li>\n<\/ol>\n<p><b><\/b><\/p>\n","protected":false},"excerpt":{"rendered":"<p>Op\u011bt tu m\u00e1me ro\u010dn\u00ed obdob\u00ed, kdy odkl\u00e1d\u00e1me letn\u00ed cyklistick\u00fd od\u011bv a d\u00edv\u00e1me se po n\u011b\u010dem teplej\u0161\u00edm. Tato zm\u011bna v\u0161ak nep\u0159ich\u00e1z\u00ed p\u0159es noc, a jeliko\u017e je po\u010das\u00ed v jednotliv\u00fdch regionech dosti prom\u011bnliv\u00e9, najdeme dnes v obchodech celou \u0161k\u00e1lu cyklistick\u00e9ho oble\u010den\u00ed, kter\u00e9 n\u00e1s ochr\u00e1n\u00ed p\u0159ed jak\u00fdmkoliv druhem po\u010das\u00ed, a\u0165 u\u017e zimou, v\u011btrem, nebo de\u0161t\u011bm. Ka\u017ed\u00fd cyklista, odhodlan\u00fd&hellip;&nbsp;<\/p>\n<div class=\"read-more-wrapper\"><a href=\"https:\/\/www.siroko.com\/blog\/c\/cs\/cyklisticky-pruvodce-co-si-vzit-pri-podzimnich-projizdkach-na-sebe\/\" class=\"button button-secondary\" rel=\"bookmark\">\u010ct\u011bte v\u00edce<span class=\"screen-reader-text\">Cyklistick\u00fd pr\u016fvodce: co si vz\u00edt p\u0159i podzimn\u00edch proj\u00ed\u017e\u010fk\u00e1ch na sebe<\/span><\/a><\/div>\n","protected":false},"author":1,"featured_media":29544,"comment_status":"open","ping_status":"open","sticky":false,"template":"","format":"standard","meta":{"neve_meta_sidebar":"","neve_meta_container":"","neve_meta_enable_content_width":"","neve_meta_content_width":0,"neve_meta_title_alignment":"","neve_meta_author_avatar":"","neve_post_elements_order":"","neve_meta_disable_header":"","neve_meta_disable_footer":"","neve_meta_disable_title":"","neve_meta_reading_time":"","_themeisle_gutenberg_block_has_review":false,"footnotes":""},"categories":[288],"tags":[],"class_list":["post-29543","post","type-post","status-publish","format-standard","has-post-thumbnail","hentry","category-cyklistike-obleceni"],"_links":{"self":[{"href":"https:\/\/www.siroko.com\/blog\/c\/cs\/wp-json\/wp\/v2\/posts\/29543","targetHints":{"allow":["GET"]}}],"collection":[{"href":"https:\/\/www.siroko.com\/blog\/c\/cs\/wp-json\/wp\/v2\/posts"}],"about":[{"href":"https:\/\/www.siroko.com\/blog\/c\/cs\/wp-json\/wp\/v2\/types\/post"}],"author":[{"embeddable":true,"href":"https:\/\/www.siroko.com\/blog\/c\/cs\/wp-json\/wp\/v2\/users\/1"}],"replies":[{"embeddable":true,"href":"https:\/\/www.siroko.com\/blog\/c\/cs\/wp-json\/wp\/v2\/comments?post=29543"}],"version-history":[{"count":0,"href":"https:\/\/www.siroko.com\/blog\/c\/cs\/wp-json\/wp\/v2\/posts\/29543\/revisions"}],"wp:featuredmedia":[{"embeddable":true,"href":"https:\/\/www.siroko.com\/blog\/c\/cs\/wp-json\/wp\/v2\/media\/29544"}],"wp:attachment":[{"href":"https:\/\/www.siroko.com\/blog\/c\/cs\/wp-json\/wp\/v2\/media?parent=29543"}],"wp:term":[{"taxonomy":"category","embeddable":true,"href":"https:\/\/www.siroko.com\/blog\/c\/cs\/wp-json\/wp\/v2\/categories?post=29543"},{"taxonomy":"post_tag","embeddable":true,"href":"https:\/\/www.siroko.com\/blog\/c\/cs\/wp-json\/wp\/v2\/tags?post=29543"}],"curies":[{"name":"wp","href":"https:\/\/api.w.org\/{rel}","templated":true}]}}