{"id":59483,"date":"2025-06-30T10:30:00","date_gmt":"2025-06-30T08:30:00","guid":{"rendered":"https:\/\/www.siroko.com\/blog\/c\/?p=59483"},"modified":"2025-06-30T10:23:57","modified_gmt":"2025-06-30T08:23:57","slug":"ein-unvergessliches-opening-sirokos-erster-store-in-barcelona-ist-endlich-da","status":"publish","type":"post","link":"https:\/\/www.siroko.com\/blog\/c\/de\/ein-unvergessliches-opening-sirokos-erster-store-in-barcelona-ist-endlich-da\/","title":{"rendered":"Ein Unvergessliches Opening: Sirokos erster Store in Barcelona ist endlich da"},"content":{"rendered":"\n<p>Am 19. Juni haben wir die T\u00fcren unseres ersten Barcelona-Stores ge\u00f6ffnet und &#8230; du wirst nicht glauben, was f\u00fcr Szenen sich im Inneren abspielten.<\/p>\n\n\n\n<div style=\"display: flex; justify-content: center; margin: 2rem 0;\">\n  <blockquote class=\"instagram-media\" \n              data-instgrm-permalink=\"https:\/\/www.instagram.com\/reel\/DLb5VKRiTcz\/\" \n              data-instgrm-version=\"14\" \n              style=\"background:#FFF; border:0; max-width:540px; width:100%;\">\n    <div style=\"padding:16px;\">\n      <a href=\"https:\/\/www.instagram.com\/reel\/DLb5VKRiTcz\/?utm_source=ig_embed&amp;utm_campaign=loading\" target=\"_blank\" style=\"color:#000; font-family:Arial,sans-serif; font-size:14px; font-style:normal; font-weight:550; line-height:17px; text-decoration:none; word-wrap:break-word;\" rel=\"noopener nofollow\">\n        Ver esta publicaci\u00f3n en Instagram\n      <\/a>\n    <\/div>\n  <\/blockquote>\n<\/div>\n<script async defer src=\"\/\/www.instagram.com\/embed.js\"><\/script>\n\n\n\n<p>Das Ganze war nicht blo\u00df eine Party.<br>Es war eine Hommage.<br>Eine Hommage an eine Stadt, die uns inspiriert.<br>Eine Hommage an den olympischen Sommer &#8217;92, eine Erinnerung, die uns bis heute geblieben ist.<\/p>\n\n\n\n<p>Wir starteten mit einem Quiz \u00fcber Barcelona &#8217;92.<\/p>\n\n\n\n<p>Die Kandidaten mit den ersten richtigen Antworten erhielten T-Shirts in limitierter Auflage.<\/p>\n\n\n\n<p>Und am Ende verlie\u00df jeder Besucher unseren Store mit einem Geschenk.<\/p>\n\n\n\n<p>Vor allem aber sind uns diese Worte im Herzen geblieben:<br><br><strong><em>Siroko i Barcelona. Amics per sempre.<br>Siroko und Barcelona. Freunde f\u00fcr immer.<\/em><\/strong><\/p>\n\n\n\n<p>Kurz darauf erf\u00fcllte Musik die Luft.<\/p>\n\n\n\n<p>Lokale Talente wie The Tyets traten live auf und begeisterten mit ihrer jugendlichen Energie, w\u00e4hrend<\/p>\n\n\n\n<p>El Legado de Peret uns ins Jahr 1992 zur\u00fcck versetzten, und wir ununterbrochen tanzten.<\/p>\n\n\n\n<p>Um den Neuanfang zu feiern, reichten wir asturischen Apfelwein und nordisch-angehauchte Snacks.<\/p>\n\n\n\n<p>Und inmitten all der Olympia-Quizspiele, Geschenke und T-Shirts in limitierter Auflage d\u00e4mmerte es uns pl\u00f6tzlich:<\/p>\n\n\n\n<p><strong>Siroko w\u00e4chst nicht nur. Siroko verbindet.<\/strong><\/p>\n\n\n\n<p>Mit Menschen, mit Orten und mit Erinnerungen, die nach wie vor lebendig sind.<br>Von Asturien bis Katalonien. Von K\u00fcste zu K\u00fcste. Von Herz zu Herz.<\/p>\n\n\n\n<p>Das hier war mehr als nur ein Opening.<br>Es war eine Hommage daran, wer wir fr\u00fcher waren, wer wir heute sind und wer wir werden wollen.<br>Eine Erinnerung an ein Ereignis, das in Frieden und Einheit wurzelt \u2013 zwei Grundwerte, die heute wichtiger sind denn je.<br><br>Unser neuer Store ist mehr als ein gew\u00f6hnlicher Store.<br>Wir haben uns von den Tausenden von Freiwilligen inspirieren lassen, die Teil der Olympischen Spielen &#8217;92 waren.<br>Wir m\u00f6chten nicht einfach nur in Barcelona sein.<br>Wir m\u00f6chten uns engagieren, mitarbeiten und ein Zeichen setzen.<\/p>\n\n\n\n<p><strong><em>Siroko i Barcelona. Sempre en moviment.<br>Siroko und Barcelona. Immer in Bewegung.<\/em><\/strong><\/p>\n\n\n\n<div style=\"display: flex; justify-content: center; margin: 2rem 0;\">\n  <iframe \n    src=\"https:\/\/www.google.com\/maps\/embed?pb=!1m18!1m12!1m3!1d2467.311195960074!2d2.1572156729436758!3d41.39380340210778!2m3!1f0!2f0!3f0!3m2!1i1024!2i768!4f13.1!3m3!1m2!1s0x12a4a316a32f8431%3A0xa78e755e9ea5f9b0!2sSiroko!5e0!3m2!1ses!2ses!4v1750679320443!5m2!1ses!2ses\" \n    width=\"100%\" \n    height=\"450\" \n    style=\"border:0; max-width: 600px;\" \n    allowfullscreen=\"\" \n    loading=\"lazy\" \n    referrerpolicy=\"no-referrer-when-downgrade\">\n  <\/iframe>\n<\/div>\n","protected":false},"excerpt":{"rendered":"<p>Am 19. Juni haben wir die T\u00fcren unseres ersten Barcelona-Stores ge\u00f6ffnet und &#8230; du wirst nicht glauben, was f\u00fcr Szenen sich im Inneren abspielten. Ver esta publicaci\u00f3n en Instagram Das Ganze war nicht blo\u00df eine Party.Es war eine Hommage.Eine Hommage an eine Stadt, die uns inspiriert.Eine Hommage an den olympischen Sommer &#8217;92, eine Erinnerung, die&hellip;&nbsp;<\/p>\n<div class=\"read-more-wrapper\"><a href=\"https:\/\/www.siroko.com\/blog\/c\/de\/ein-unvergessliches-opening-sirokos-erster-store-in-barcelona-ist-endlich-da\/\" class=\"button button-secondary\" rel=\"bookmark\">Mehr lesen<span class=\"screen-reader-text\">Ein Unvergessliches Opening: Sirokos erster Store in Barcelona ist endlich da<\/span><\/a><\/div>\n","protected":false},"author":1,"featured_media":59470,"comment_status":"open","ping_status":"open","sticky":false,"template":"","format":"standard","meta":{"neve_meta_sidebar":"","neve_meta_container":"","neve_meta_enable_content_width":"","neve_meta_content_width":0,"neve_meta_title_alignment":"","neve_meta_author_avatar":"","neve_post_elements_order":"","neve_meta_disable_header":"","neve_meta_disable_footer":"","neve_meta_disable_title":"","neve_meta_reading_time":"","_themeisle_gutenberg_block_has_review":false,"footnotes":""},"categories":[590],"tags":[],"class_list":["post-59483","post","type-post","status-publish","format-standard","has-post-thumbnail","hentry","category-siroko"],"_links":{"self":[{"href":"https:\/\/www.siroko.com\/blog\/c\/de\/wp-json\/wp\/v2\/posts\/59483","targetHints":{"allow":["GET"]}}],"collection":[{"href":"https:\/\/www.siroko.com\/blog\/c\/de\/wp-json\/wp\/v2\/posts"}],"about":[{"href":"https:\/\/www.siroko.com\/blog\/c\/de\/wp-json\/wp\/v2\/types\/post"}],"author":[{"embeddable":true,"href":"https:\/\/www.siroko.com\/blog\/c\/de\/wp-json\/wp\/v2\/users\/1"}],"replies":[{"embeddable":true,"href":"https:\/\/www.siroko.com\/blog\/c\/de\/wp-json\/wp\/v2\/comments?post=59483"}],"version-history":[{"count":4,"href":"https:\/\/www.siroko.com\/blog\/c\/de\/wp-json\/wp\/v2\/posts\/59483\/revisions"}],"predecessor-version":[{"id":59542,"href":"https:\/\/www.siroko.com\/blog\/c\/de\/wp-json\/wp\/v2\/posts\/59483\/revisions\/59542"}],"wp:featuredmedia":[{"embeddable":true,"href":"https:\/\/www.siroko.com\/blog\/c\/de\/wp-json\/wp\/v2\/media\/59470"}],"wp:attachment":[{"href":"https:\/\/www.siroko.com\/blog\/c\/de\/wp-json\/wp\/v2\/media?parent=59483"}],"wp:term":[{"taxonomy":"category","embeddable":true,"href":"https:\/\/www.siroko.com\/blog\/c\/de\/wp-json\/wp\/v2\/categories?post=59483"},{"taxonomy":"post_tag","embeddable":true,"href":"https:\/\/www.siroko.com\/blog\/c\/de\/wp-json\/wp\/v2\/tags?post=59483"}],"curies":[{"name":"wp","href":"https:\/\/api.w.org\/{rel}","templated":true}]}}