{"id":47468,"date":"2023-11-03T11:11:23","date_gmt":"2023-11-03T10:11:23","guid":{"rendered":"https:\/\/www.siroko.com\/blog\/c\/?p=47468"},"modified":"2023-11-03T11:16:56","modified_gmt":"2023-11-03T10:16:56","slug":"descuentos-deseo-y-delirio-un-viaje-por-la-historia-del-black-friday","status":"publish","type":"post","link":"https:\/\/www.siroko.com\/blog\/c\/es\/descuentos-deseo-y-delirio-un-viaje-por-la-historia-del-black-friday\/","title":{"rendered":"Descuentos, deseo y delirio: un viaje por la historia del Black Friday"},"content":{"rendered":"\n<p>Y lleg\u00f3 el Black Friday. \u00bfQu\u00e9 te parece si hablamos un poco de las ra\u00edces de este d\u00eda? Porque, probablemente, muchas devotas y devotos compradores no tienen idea de d\u00f3nde surge todo este jaleo de ofertas, rebajas y promociones. Dices \u00abFranklin D. Roosevelt\u00bb y se queda pensando si es el nombre de una nueva marca de zapatillas. Pero no, el Black Friday tiene sus or\u00edgenes, sus historias y sus personajes que bien merecen una menci\u00f3n.<\/p>\n\n\n\n<p>Ahora, vamos a sumergirnos un poco en el tiempo, un poco bastante porque nos vamos hasta el siglo XIX. Y es que aunque pienses que el Black Friday tiene sus ra\u00edces en las ventas post-Thanksgiving que buscan liquidar stocks antes de Navidad, el primer uso del t\u00e9rmino tiene un origen m\u00e1s oscuro (o brillante, seg\u00fan se mire), relacionado con la especulaci\u00f3n del oro y <a href=\"https:\/\/en.wikipedia.org\/wiki\/Black_Friday_(1869)\" target=\"_blank\" rel=\"noreferrer noopener nofollow\">la crisis financiera que explot\u00f3 el viernes 24 de septiembre de 1869<\/a> en USA. \u00a1S\u00ed, 1869! No precisamente la \u00e9poca en que esperar\u00edas ver a tu abuela haciendo cola frente a un Walmart.&nbsp;<\/p>\n\n\n<div class=\"wp-block-image\">\n<figure class=\"aligncenter size-large\"><img decoding=\"async\" width=\"1276\" height=\"666\" src=\"https:\/\/www.siroko.com\/blog\/c\/app\/uploads\/2023\/10\/Screenshot-27-1276x666.png\" alt=\"\" class=\"wp-image-47408\" title=\"\" srcset=\"https:\/\/www.siroko.com\/blog\/c\/app\/uploads\/2023\/10\/Screenshot-27-1276x666.png 1276w, https:\/\/www.siroko.com\/blog\/c\/app\/uploads\/2023\/10\/Screenshot-27-640x334.png 640w, https:\/\/www.siroko.com\/blog\/c\/app\/uploads\/2023\/10\/Screenshot-27-768x401.png 768w, https:\/\/www.siroko.com\/blog\/c\/app\/uploads\/2023\/10\/Screenshot-27.png 1440w\" sizes=\"(max-width: 1276px) 100vw, 1276px\" \/><\/figure>\n<\/div>\n\n\n<p>Otro uso del t\u00e9rmino \u00abBlack Friday\u00bb fue acu\u00f1ado por la polic\u00eda de Filadelfia y Rochester en la d\u00e9cada de 1960 para describir el caos de coches y peatones que ocurr\u00eda el d\u00eda despu\u00e9s de Acci\u00f3n de Gracias a causa del inicio de las compras navide\u00f1as y del <a href=\"https:\/\/en.wikipedia.org\/wiki\/Army%E2%80%93Navy_Game\" target=\"_blank\" rel=\"noreferrer noopener nofollow\">partido de f\u00fatbol americano entre los equipos del ej\u00e9rcito y de la marina<\/a>. Seguro que los polic\u00edas de aquel entonces no se imaginaban lo que vendr\u00eda despu\u00e9s. \u00bfC\u00f3mo hubiesen llamado a las im\u00e1genes de colas, empujones y gente dispuesta a luchar por un televisor con un 10% de descuento? \u00bfMad Friday?<\/p>\n\n\n\n<p>Sin embargo, y aunque no usaban el t\u00e9rmino Black Friday, la conjunci\u00f3n entre el inicio de este periodo de compras justo despu\u00e9s de Acci\u00f3n de Gracias se remonta a comienzos del siglo XX con el patrocinio del desfile de Pap\u00e1 Noel, el D\u00eda de Acci\u00f3n de Gracias por parte de grandes almacenes como Eaton\u2019s o Macy\u2019s. La navidad est\u00e1 a la vuelta de la esquina y ya le iban indicando a Santa donde pod\u00eda enviar a sus elfos a hacer la compra.<\/p>\n\n\n\n<figure class=\"wp-block-embed is-provider-youtube wp-block-embed-youtube\"><div class=\"wp-block-embed__wrapper\">\n<div class=\"nv-iframe-embed\"><iframe loading=\"lazy\" title=\"The History Of Macy&#039;s Thanksgiving Day Parade | Business Insider\" width=\"1200\" height=\"675\" src=\"https:\/\/www.youtube.com\/embed\/gpPeeUtN5Sc?feature=oembed\" frameborder=\"0\" allow=\"accelerometer; autoplay; clipboard-write; encrypted-media; gyroscope; picture-in-picture; web-share\" allowfullscreen><\/iframe><\/div>\n<\/div><\/figure>\n\n\n\n<p><br>Lo cierto es que, entre desfiles y caos en las zonas comerciales, el t\u00e9rmino empez\u00f3 a arraigar. Lleg\u00f3 para quedarse. No solo en la polic\u00eda, sino tambi\u00e9n, y sobre todo, en los medios de comunicaci\u00f3n y los comerciantes. Adem\u00e1s, para muchos, el t\u00e9rmino ten\u00eda todo el sentido del mundo porque sus n\u00fameros pasaban de rojo a negro a partir de entonces. Las cifras del a\u00f1o empezaban a cuadrar.<\/p>\n\n\n\n<p>Hablando de cifras, vamos a ver algunas, fresquitas, del a\u00f1o pasado (2022), y de USA, que es donde el Black Friday bati\u00f3 r\u00e9cords. Los compradores gastaron 9.120 millones de d\u00f3lares, <a href=\"https:\/\/business.adobe.com\/resources\/holiday-shopping-report.html\" target=\"_blank\" rel=\"noreferrer noopener nofollow\">seg\u00fan Adobe Analytics<\/a>. Y sin colas, empujones y batallas campales, cuando no muertos. <a href=\"https:\/\/www.driveresearch.com\/market-research-company-blog\/black-friday-holiday-shopping-statistics\" target=\"_blank\" rel=\"noreferrer noopener nofollow\">En 2022 solo el 32% de las personas encuestadas en USA iban a comprar en persona<\/a>. Un 9% menos que en 2021. La pandemia del COVID-19 aceler\u00f3 el cambio hacia la compra online que ven\u00eda produci\u00e9ndose desde 2003 y 2004. Una tendencia que dio lugar al Cyber Monday en 2005. Fecha en la que ahora se gasta m\u00e1s que en el propio Black Friday, 11.300 millones de d\u00f3lares en USA en 2022. Las esperas interminables y la gente acampada para el Black Friday son cosa del pasado.&nbsp;<\/p>\n\n\n\n<p>Tambi\u00e9n lo son las escenas de carreras y peleas de todo tipo a las puertas o dentro de los establecimientos. Como <a href=\"https:\/\/bc.ctvnews.ca\/shirtless-man-uses-belt-as-a-whip-outside-vancouver-black-friday-sale-1.3179008\" target=\"_blank\" rel=\"noreferrer noopener nofollow\">aquel hombre en Vancouver que trat\u00f3 de ser Indiana Jones usando su cintur\u00f3n como l\u00e1tigo<\/a> en la entrada de una tienda de Adidas. Por el tono de algunos informativos de USA, iba camino de convertirse en una tradici\u00f3n m\u00e1s. \u00a1Vaya! Ya est\u00e1 aqu\u00ed el Black Friday con peleas, gente detenida, pistolas taser\u2026 \u00a1Happy Holidays America!<\/p>\n\n\n\n<figure class=\"wp-block-embed is-provider-youtube wp-block-embed-youtube\"><div class=\"wp-block-embed__wrapper\">\n<div class=\"nv-iframe-embed\"><iframe loading=\"lazy\" title=\"Caught on Tape: Violent Black Friday Shopping Brawls\" width=\"1200\" height=\"675\" src=\"https:\/\/www.youtube.com\/embed\/ol6KWGMskCw?feature=oembed\" frameborder=\"0\" allow=\"accelerometer; autoplay; clipboard-write; encrypted-media; gyroscope; picture-in-picture; web-share\" allowfullscreen><\/iframe><\/div>\n<\/div><\/figure>\n\n\n\n<p><br>Y aqu\u00ed estamos, en una era donde, ir\u00f3nicamente, el Black Friday ha evolucionado a una versi\u00f3n online que adem\u00e1s comienza y se alarga mucho antes y m\u00e1s all\u00e1 del d\u00eda despu\u00e9s de Acci\u00f3n de Gracias. Una \u00e9poca en la que, con tanta informaci\u00f3n y ofertas a nuestro alcance, es f\u00e1cil olvidar de d\u00f3nde venimos. Ahora, algunos dir\u00e1n que es solo un d\u00eda de compras. Pero para otros, representa un fen\u00f3meno cultural, un reflejo de nuestra sociedad y c\u00f3mo el consumismo ha modelado nuestras tradiciones y festividades.&nbsp;<\/p>\n\n\n\n<p>No olvides en qu\u00e9 fechas estas y todo lo que significaban no hace mucho tiempo. Valora lo que ahorras, pero tambi\u00e9n lo que ya tienes. Y no olvides dar las gracias o dejarnos una sonrisa a quienes, en Siroko y en cualquier otra marca, hacemos posible este d\u00eda\/semanas\/mes. Desde el personal de dise\u00f1o, producto y marketing que lleva trabajando meses para cautivar tu deseo, a quien te deja el paquete en la puerta de casa o la persona que te atiende en una tienda, pasando por todos esos elfos que trabajan en la producci\u00f3n y en los almacenes de Siroko para que recibas en tiempo y forma lo que has pedido.<\/p>\n","protected":false},"excerpt":{"rendered":"<p>Y lleg\u00f3 el Black Friday. \u00bfQu\u00e9 te parece si hablamos un poco de las ra\u00edces de este d\u00eda? Porque, probablemente, muchas devotas y devotos compradores no tienen idea de d\u00f3nde surge todo este jaleo de ofertas, rebajas y promociones. Dices \u00abFranklin D. Roosevelt\u00bb y se queda pensando si es el nombre de una nueva marca&hellip;&nbsp;<\/p>\n<div class=\"read-more-wrapper\"><a href=\"https:\/\/www.siroko.com\/blog\/c\/es\/descuentos-deseo-y-delirio-un-viaje-por-la-historia-del-black-friday\/\" class=\"button button-secondary\" rel=\"bookmark\">Leer m\u00e1s<span class=\"screen-reader-text\">Descuentos, deseo y delirio: un viaje por la historia del Black Friday<\/span><\/a><\/div>\n","protected":false},"author":1,"featured_media":47465,"comment_status":"open","ping_status":"open","sticky":false,"template":"","format":"standard","meta":{"neve_meta_sidebar":"","neve_meta_container":"","neve_meta_enable_content_width":"","neve_meta_content_width":0,"neve_meta_title_alignment":"","neve_meta_author_avatar":"","neve_post_elements_order":"","neve_meta_disable_header":"","neve_meta_disable_footer":"","neve_meta_disable_title":"","neve_meta_reading_time":"","_themeisle_gutenberg_block_has_review":false,"footnotes":""},"categories":[1],"tags":[],"class_list":["post-47468","post","type-post","status-publish","format-standard","has-post-thumbnail","hentry","category-sin-categorizar"],"_links":{"self":[{"href":"https:\/\/www.siroko.com\/blog\/c\/es\/wp-json\/wp\/v2\/posts\/47468","targetHints":{"allow":["GET"]}}],"collection":[{"href":"https:\/\/www.siroko.com\/blog\/c\/es\/wp-json\/wp\/v2\/posts"}],"about":[{"href":"https:\/\/www.siroko.com\/blog\/c\/es\/wp-json\/wp\/v2\/types\/post"}],"author":[{"embeddable":true,"href":"https:\/\/www.siroko.com\/blog\/c\/es\/wp-json\/wp\/v2\/users\/1"}],"replies":[{"embeddable":true,"href":"https:\/\/www.siroko.com\/blog\/c\/es\/wp-json\/wp\/v2\/comments?post=47468"}],"version-history":[{"count":4,"href":"https:\/\/www.siroko.com\/blog\/c\/es\/wp-json\/wp\/v2\/posts\/47468\/revisions"}],"predecessor-version":[{"id":47475,"href":"https:\/\/www.siroko.com\/blog\/c\/es\/wp-json\/wp\/v2\/posts\/47468\/revisions\/47475"}],"wp:featuredmedia":[{"embeddable":true,"href":"https:\/\/www.siroko.com\/blog\/c\/es\/wp-json\/wp\/v2\/media\/47465"}],"wp:attachment":[{"href":"https:\/\/www.siroko.com\/blog\/c\/es\/wp-json\/wp\/v2\/media?parent=47468"}],"wp:term":[{"taxonomy":"category","embeddable":true,"href":"https:\/\/www.siroko.com\/blog\/c\/es\/wp-json\/wp\/v2\/categories?post=47468"},{"taxonomy":"post_tag","embeddable":true,"href":"https:\/\/www.siroko.com\/blog\/c\/es\/wp-json\/wp\/v2\/tags?post=47468"}],"curies":[{"name":"wp","href":"https:\/\/api.w.org\/{rel}","templated":true}]}}