{"id":59486,"date":"2025-06-30T10:30:00","date_gmt":"2025-06-30T08:30:00","guid":{"rendered":"https:\/\/www.siroko.com\/blog\/c\/?p=59486"},"modified":"2025-06-30T10:17:43","modified_gmt":"2025-06-30T08:17:43","slug":"la-primera-tienda-siroko-en-barcelona-ya-es-real-la-apertura-inolvidable","status":"publish","type":"post","link":"https:\/\/www.siroko.com\/blog\/c\/es\/la-primera-tienda-siroko-en-barcelona-ya-es-real-la-apertura-inolvidable\/","title":{"rendered":"La primera tienda Siroko en Barcelona ya es real. La apertura, inolvidable"},"content":{"rendered":"\n<p>El 19 de junio abrimos las puertas de nuestra primera tienda en la ciudad.<br>Y lo que pas\u00f3 dentro\u2026 fue m\u00e1s que una inauguraci\u00f3n.<\/p>\n\n\n\n<div style=\"display: flex; justify-content: center; margin: 2rem 0;\">\n  <blockquote class=\"instagram-media\" \n              data-instgrm-permalink=\"https:\/\/www.instagram.com\/reel\/DLb5VKRiTcz\/\" \n              data-instgrm-version=\"14\" \n              style=\"background:#FFF; border:0; max-width:540px; width:100%;\">\n    <div style=\"padding:16px;\">\n      <a href=\"https:\/\/www.instagram.com\/reel\/DLb5VKRiTcz\/?utm_source=ig_embed&amp;utm_campaign=loading\" target=\"_blank\" style=\"color:#000; font-family:Arial,sans-serif; font-size:14px; font-style:normal; font-weight:550; line-height:17px; text-decoration:none; word-wrap:break-word;\" rel=\"noopener nofollow\">\n        Ver esta publicaci\u00f3n en Instagram\n      <\/a>\n    <\/div>\n  <\/blockquote>\n<\/div>\n<script async defer src=\"\/\/www.instagram.com\/embed.js\"><\/script>\n\n\n\n<p>Fue una fiesta.<br>Pero tambi\u00e9n un homenaje.<br>A una ciudad que nos inspira.<br>A un verano del 92 que nos marc\u00f3.<\/p>\n\n\n\n<p>Empezamos con un quiz ol\u00edmpico sobre Barcelona 92.<\/p>\n\n\n\n<p>Camisetas exclusivas de edici\u00f3n limitada para los primeros en acertar.<\/p>\n\n\n\n<p>Regalos para quienes vinieron a conocernos.<\/p>\n\n\n\n<p>Y una frase que ya no se nos va de la cabeza:<\/p>\n\n\n\n<p><strong>Siroko i Barcelona. Amics per sempre.<\/strong><\/p>\n\n\n\n<p>Despu\u00e9s, la m\u00fasica lo llen\u00f3 todo:<\/p>\n\n\n\n<p>The Tyets en directo \u2014 energ\u00eda, juventud y talento de aqu\u00ed.<\/p>\n\n\n\n<p>Y El Legado de Peret que nos hizo bailar como si estuvi\u00e9ramos en el 92.<\/p>\n\n\n\n<p>Todo acompa\u00f1ado de sidra asturiana y pica-pica del norte para brindar por este nuevo comienzo.<\/p>\n\n\n\n<p>Y entre preguntas ol\u00edmpicas, camisetas exclusivas y regalos, nos dimos cuenta de algo:<\/p>\n\n\n\n<p><strong>Siroko no est\u00e1 creciendo. Est\u00e1 conectando.<\/strong><\/p>\n\n\n\n<p>Con personas, con lugares, con recuerdos que siguen vivos.<br>De Asturias a Catalunya. De costa a costa. De coraz\u00f3n a coraz\u00f3n.<\/p>\n\n\n\n<p>No fue una apertura m\u00e1s.<br>Fue un homenaje a lo que fuimos, a lo que somos y a lo que queremos ser.<br>Un recuerdo a un evento de paz y uni\u00f3n.<br>En estos momentos, m\u00e1s necesarias que nunca.<br><br>Y esta no es una tienda cualquiera.<br>Inspirados por los miles de voluntarios de aquellos JJOO.<br>No nos conformamos solo con estar en Barcelona.<br>Queremos participar, colaborar y dejar huella.<\/p>\n\n\n\n<p><strong>Siroko i Barcelona. Sempre en moviment.<\/strong><\/p>\n\n\n\n<div style=\"display: flex; justify-content: center; margin: 2rem 0;\">\n  <iframe \n    src=\"https:\/\/www.google.com\/maps\/embed?pb=!1m18!1m12!1m3!1d2467.311195960074!2d2.1572156729436758!3d41.39380340210778!2m3!1f0!2f0!3f0!3m2!1i1024!2i768!4f13.1!3m3!1m2!1s0x12a4a316a32f8431%3A0xa78e755e9ea5f9b0!2sSiroko!5e0!3m2!1ses!2ses!4v1750679320443!5m2!1ses!2ses\" \n    width=\"100%\" \n    height=\"450\" \n    style=\"border:0; max-width: 600px;\" \n    allowfullscreen=\"\" \n    loading=\"lazy\" \n    referrerpolicy=\"no-referrer-when-downgrade\">\n  <\/iframe>\n<\/div>\n","protected":false},"excerpt":{"rendered":"<p>El 19 de junio abrimos las puertas de nuestra primera tienda en la ciudad.Y lo que pas\u00f3 dentro\u2026 fue m\u00e1s que una inauguraci\u00f3n. Ver esta publicaci\u00f3n en Instagram Fue una fiesta.Pero tambi\u00e9n un homenaje.A una ciudad que nos inspira.A un verano del 92 que nos marc\u00f3. Empezamos con un quiz ol\u00edmpico sobre Barcelona 92. Camisetas&hellip;&nbsp;<\/p>\n<div class=\"read-more-wrapper\"><a href=\"https:\/\/www.siroko.com\/blog\/c\/es\/la-primera-tienda-siroko-en-barcelona-ya-es-real-la-apertura-inolvidable\/\" class=\"button button-secondary\" rel=\"bookmark\">Leer m\u00e1s<span class=\"screen-reader-text\">La primera tienda Siroko en Barcelona ya es real. La apertura, inolvidable<\/span><\/a><\/div>\n","protected":false},"author":1,"featured_media":59476,"comment_status":"open","ping_status":"open","sticky":false,"template":"","format":"standard","meta":{"neve_meta_sidebar":"","neve_meta_container":"","neve_meta_enable_content_width":"","neve_meta_content_width":0,"neve_meta_title_alignment":"","neve_meta_author_avatar":"","neve_post_elements_order":"","neve_meta_disable_header":"","neve_meta_disable_footer":"","neve_meta_disable_title":"","neve_meta_reading_time":"","_themeisle_gutenberg_block_has_review":false,"footnotes":""},"categories":[591],"tags":[],"class_list":["post-59486","post","type-post","status-publish","format-standard","has-post-thumbnail","hentry","category-siroko"],"_links":{"self":[{"href":"https:\/\/www.siroko.com\/blog\/c\/es\/wp-json\/wp\/v2\/posts\/59486","targetHints":{"allow":["GET"]}}],"collection":[{"href":"https:\/\/www.siroko.com\/blog\/c\/es\/wp-json\/wp\/v2\/posts"}],"about":[{"href":"https:\/\/www.siroko.com\/blog\/c\/es\/wp-json\/wp\/v2\/types\/post"}],"author":[{"embeddable":true,"href":"https:\/\/www.siroko.com\/blog\/c\/es\/wp-json\/wp\/v2\/users\/1"}],"replies":[{"embeddable":true,"href":"https:\/\/www.siroko.com\/blog\/c\/es\/wp-json\/wp\/v2\/comments?post=59486"}],"version-history":[{"count":5,"href":"https:\/\/www.siroko.com\/blog\/c\/es\/wp-json\/wp\/v2\/posts\/59486\/revisions"}],"predecessor-version":[{"id":59532,"href":"https:\/\/www.siroko.com\/blog\/c\/es\/wp-json\/wp\/v2\/posts\/59486\/revisions\/59532"}],"wp:featuredmedia":[{"embeddable":true,"href":"https:\/\/www.siroko.com\/blog\/c\/es\/wp-json\/wp\/v2\/media\/59476"}],"wp:attachment":[{"href":"https:\/\/www.siroko.com\/blog\/c\/es\/wp-json\/wp\/v2\/media?parent=59486"}],"wp:term":[{"taxonomy":"category","embeddable":true,"href":"https:\/\/www.siroko.com\/blog\/c\/es\/wp-json\/wp\/v2\/categories?post=59486"},{"taxonomy":"post_tag","embeddable":true,"href":"https:\/\/www.siroko.com\/blog\/c\/es\/wp-json\/wp\/v2\/tags?post=59486"}],"curies":[{"name":"wp","href":"https:\/\/api.w.org\/{rel}","templated":true}]}}