{"id":47477,"date":"2023-11-03T11:11:23","date_gmt":"2023-11-03T10:11:23","guid":{"rendered":"https:\/\/www.siroko.com\/blog\/c\/halpoja-hintoja-ja-hysteriaa-black-fridayn-historia\/"},"modified":"2023-11-07T09:56:51","modified_gmt":"2023-11-07T08:56:51","slug":"halpoja-hintoja-ja-hysteriaa-black-fridayn-historia","status":"publish","type":"post","link":"https:\/\/www.siroko.com\/blog\/c\/fi\/halpoja-hintoja-ja-hysteriaa-black-fridayn-historia\/","title":{"rendered":"Halpoja hintoja ja hysteriaa: Black Fridayn historia"},"content":{"rendered":"\n<p>Black Friday on t\u00e4\u00e4ll\u00e4, joten mit\u00e4, jos pureutuisimme hieman t\u00e4m\u00e4n p\u00e4iv\u00e4n alkuper\u00e4\u00e4n? Moni shoppailija ei tied\u00e4, mist\u00e4 t\u00e4m\u00e4 tarjousten, alehulluttelujen ja loputtomien kampanjoiden hulabaloo on per\u00e4isin. Luota meihin \u2013 yll\u00e4tyt takuulla Black Fridayn todellisesta tarinasta sek\u00e4 sen alkuper\u00e4\u00e4n liittyvist\u00e4 seikoista.\r\n<\/p>\n\n\n\n<p><span style=\"font-weight: 400;\">Matkustetaan ensin ajassa taaksep\u00e4in aina 1800-luvulle saakka. Monella on sellainen k\u00e4sitys, ett\u00e4 Black Friday -perinne alkoi kiitosp\u00e4iv\u00e4n j\u00e4lkeisten alennusmyyntien my\u00f6t\u00e4, jotka oli tarkoitettu tyhjent\u00e4m\u00e4\u00e4n varastoja ennen joulusesonkia. Termin ensimm\u00e4isill\u00e4 k\u00e4yt\u00f6ill\u00e4 on kuitenkin synkempi (tai valoisampi, riippuen siit\u00e4, kuinka asiaan haluaa suhtautua) alkuper\u00e4, joka liittyy kultakeinotteluun sek\u00e4 <\/span><a target=\"_blank\" href=\"https:\/\/en.wikipedia.org\/wiki\/Black_Friday_(1869)\" rel=\"noopener nofollow\"><span style=\"font-weight: 400;\">talouskriisiin, joka puhkesi Yhdysvalloissa perjantaina, 24. syyskuuta vuonna 1869<\/span><\/a><span style=\"font-weight: 400;\">. Kyll\u00e4 vain, luit oikein, vuonna 1869. Monen yll\u00e4tykseksi t\u00e4st\u00e4 mustasta perjantaista, Black Fridaysta on aikaa jo reippaasti yli 150 vuotta.<\/span><\/p>\n\n\n<div class=\"wp-block-image\">\n<figure class=\"aligncenter size-large\"><img decoding=\"async\" width=\"1276\" height=\"666\" src=\"https:\/\/www.siroko.com\/blog\/c\/app\/uploads\/2023\/10\/Screenshot-27-1276x666.png\" alt=\"\" class=\"wp-image-47408\" title=\"\" srcset=\"https:\/\/www.siroko.com\/blog\/c\/app\/uploads\/2023\/10\/Screenshot-27-1276x666.png 1276w, https:\/\/www.siroko.com\/blog\/c\/app\/uploads\/2023\/10\/Screenshot-27-640x334.png 640w, https:\/\/www.siroko.com\/blog\/c\/app\/uploads\/2023\/10\/Screenshot-27-768x401.png 768w, https:\/\/www.siroko.com\/blog\/c\/app\/uploads\/2023\/10\/Screenshot-27.png 1440w\" sizes=\"(max-width: 1276px) 100vw, 1276px\" \/><\/figure>\n<\/div>\n\n\n<p><span style=\"font-weight: 400;\">Toisen merkityksen termille &#8220;Black Friday&#8221; keksiv\u00e4t Philadelphian ja Rochesterin poliisit 1960-luvulla kuvailemaan autojen ja jalankulkijoiden aiheuttamaa kaaosta, joka syntyi kiitosp\u00e4iv\u00e4n j\u00e4lkeisen\u00e4 p\u00e4iv\u00e4n\u00e4 johtuen ensimm\u00e4isest\u00e4 joulunajan shoppailup\u00e4iv\u00e4st\u00e4 sek\u00e4 samalle p\u00e4iv\u00e4lle ajoittuneesta amerikkalaisen yliopistojalkapallon <\/span><a target=\"_blank\" href=\"https:\/\/en.wikipedia.org\/wiki\/Army%E2%80%93Navy_Game\" rel=\"noopener nofollow\"><span style=\"font-weight: 400;\">Army\u2013Navy Game<\/span><\/a><span style=\"font-weight: 400;\"> -tapahtumasta. Nuo poliisit eiv\u00e4t varmasti olisi villeimmiss\u00e4k\u00e4\u00e4n unelmissaan voineet kuvitella, millaista meno olisi nykyp\u00e4iv\u00e4n\u00e4. Miksi he olisivat nimitt\u00e4neet t\u00e4t\u00e4 juhlap\u00e4iv\u00e4\u00e4, jossa t\u00e4ysin sekaisin menneet asiakkaat pyrkiv\u00e4t parhaiden tarjousten \u00e4\u00e4relle kyyn\u00e4rp\u00e4\u00e4taktiikalla, valmiina taistelemaan uudesta 65 tuuman TV:st\u00e4, joka on myynniss\u00e4 10 %:n alennuksella? Olisiko se ollut Mad Friday?<\/span><\/p>\n\n\n\n<p>Intensiivisen shoppailukauden aloittamisen ajoittuminen n\u00e4ille tietyille p\u00e4iv\u00e4m\u00e4\u00e4rille on perua 1900-luvun alusta. Tuolloin tavaratalot, kuten Eaton&#8217;s ja Macy&#8217;s sponsoroivat kiitosp\u00e4iv\u00e4n Santa Claus -paraatia. Joulu oli aivan kulman takana ja n\u00e4m\u00e4 tavaratalot yst\u00e4v\u00e4llisesti kertoivat joulupukille, mihin h\u00e4n voisi l\u00e4hett\u00e4\u00e4 tonttunsa ostoksille.\r\n<\/p>\n\n\n\n<figure class=\"wp-block-embed is-provider-youtube wp-block-embed-youtube\"><div class=\"wp-block-embed__wrapper\">\n<div class=\"nv-iframe-embed\"><iframe loading=\"lazy\" title=\"The History Of Macy&#039;s Thanksgiving Day Parade | Business Insider\" width=\"1200\" height=\"675\" src=\"https:\/\/www.youtube.com\/embed\/gpPeeUtN5Sc?feature=oembed\" frameborder=\"0\" allow=\"accelerometer; autoplay; clipboard-write; encrypted-media; gyroscope; picture-in-picture; web-share\" allowfullscreen><\/iframe><\/div>\n<\/div><\/figure>\n\n\n\n<p><span style=\"font-weight: 400;\">\r\nParaatien ja shoppailupaikkojen kaaosten k\u00e4ydess\u00e4 yh\u00e4 hektisemmiksi, alkoi termi levit\u00e4. Se oli tullut j\u00e4\u00e4d\u00e4kseen. Ja sit\u00e4 eiv\u00e4t muuten k\u00e4ytt\u00e4neet pelk\u00e4st\u00e4\u00e4n poliisit, vaan ennen kaikkea media ja kauppiaat. Lis\u00e4ksi termi k\u00e4vi t\u00e4ydellisesti j\u00e4rkeen monille myyjille, sill\u00e4 n\u00e4m\u00e4 olivat niit\u00e4 p\u00e4ivi\u00e4, jolloin heid\u00e4n liikevaihtonsa luvut muuttuivat punaisesta mustan puolelle. Vuotuiset tulot l\u00e4htiv\u00e4t nousuun.<\/span><\/p>\n\n\n\n<p><span style=\"font-weight: 400;\">Tuloista ja luvuista puheen ollen, katsotaanpa joitain viime vuosien tunnuslukuja. Vuonna 2022 Black Friday rikkoi oman enn\u00e4tyksens\u00e4 Yhdysvalloissa. Shoppailijat kuluttivat tuolloin <\/span><a target=\"_blank\" href=\"https:\/\/business.adobe.com\/resources\/holiday-shopping-report.html\" rel=\"noopener nofollow\"><span style=\"font-weight: 400;\">Adobe Analyticsin<\/span><\/a><span style=\"font-weight: 400;\"> mukaan 9,12 miljardia dollaria. Kaikki t\u00e4m\u00e4 tosin ilman perinteikk\u00e4\u00e4ksi muodostuneita jonoja, t\u00f6nimisi\u00e4 ja taisteluita. <\/span><a target=\"_blank\" href=\"https:\/\/www.driveresearch.com\/market-research-company-blog\/black-friday-holiday-shopping-statistics\" rel=\"noopener nofollow\"><span style=\"font-weight: 400;\">Vuonna 2022 nimitt\u00e4in vain 32 % kyselyyn osallistuneista ihmisist\u00e4 Yhdysvalloissa aikoi tehd\u00e4 ostoksensa kivijalkamyym\u00e4l\u00f6iss\u00e4<\/span><\/a><span style=\"font-weight: 400;\">. Se oli 9 % v\u00e4hemm\u00e4n kuin vuonna 2021. Koronapandemia kiihdytti jo vuosista 2003\/2004 alkaen l\u00e4htenytt\u00e4 siirtym\u00e4\u00e4 kohti nettishoppailua.&nbsp;<\/span>\r\n\r\n<span style=\"font-weight: 400;\">T\u00e4m\u00e4 trendi synnytti vuonna 2005 <\/span><span style=\"font-weight: 400;\">Cyber Mondayn, josta tulikin viel\u00e4 menestyneempi kuin itse Black Fridaysta, ja vuonna 2022 Yhdysvalloissa kulutettiin 11,3 miljardia dollaria t\u00e4n\u00e4 valtavana shoppailup\u00e4iv\u00e4n\u00e4. Loputtomista jonoista ja ihmismassoista y\u00f6pym\u00e4ss\u00e4 teltoissa ostoskeskusten edess\u00e4 parhaiden diilien nappaamisen toivossa, on tulossa historiaa.<\/span><\/p>\n\n\n\n<p><span style=\"font-weight: 400;\">Samaa voi sanoa n\u00e4yist\u00e4, joissa ihmisi\u00e4 juoksentelee ja tappelee kauppojen sis\u00e4- ja ulkopuolella alennusmyyntien aikana. Kuka muistaa esimerkiksi <\/span><a href=\"https:\/\/bc.ctvnews.ca\/shirtless-man-uses-belt-as-a-whip-outside-vancouver-black-friday-sale-1.3179008\" rel=\"nofollow noopener\" target=\"_blank\"><span style=\"font-weight: 400;\">t\u00e4m\u00e4n miehen Vancouverista, joka ilmeisesti yht\u00e4kki\u00e4 tunsi olonsa Indiana Jonesiksi ja k\u00e4ytti vy\u00f6t\u00e4\u00e4n ruoskana<\/span><\/a><span style=\"font-weight: 400;\"> Adidas-myym\u00e4l\u00e4n sis\u00e4\u00e4nk\u00e4ynnill\u00e4? P\u00e4\u00e4tellen siit\u00e4, kuinka asiasta uutisoitiin mediassa, oli t\u00e4st\u00e4 ilmi\u00f6st\u00e4 pikku hiljaa tulossa yksi lomakauden traditio muiden joukossa. Hei \u2013 Black Friday on t\u00e4\u00e4ll\u00e4 kaikkine tappeluineen, pid\u00e4tyksineen ja et\u00e4lamauttimineen\u2026 hyvi\u00e4 ja rauhaisia joulukauden pyhi\u00e4, Amerikka!<\/span><\/p>\n\n\n\n<figure class=\"wp-block-embed is-provider-youtube wp-block-embed-youtube\"><div class=\"wp-block-embed__wrapper\">\n<div class=\"nv-iframe-embed\"><iframe loading=\"lazy\" title=\"Caught on Tape: Violent Black Friday Shopping Brawls\" width=\"1200\" height=\"675\" src=\"https:\/\/www.youtube.com\/embed\/ol6KWGMskCw?feature=oembed\" frameborder=\"0\" allow=\"accelerometer; autoplay; clipboard-write; encrypted-media; gyroscope; picture-in-picture; web-share\" allowfullscreen><\/iframe><\/div>\n<\/div><\/figure>\n\n\n\n<p><span style=\"font-weight: 400;\">\r\nJa t\u00e4ss\u00e4 sit\u00e4 ollaan, aikakaudellamme, jolla Black Friday on ironisesti muuntautunut itsens\u00e4 online-versiokseen, joka on levitt\u00e4ytynyt pitk\u00e4lle kiitosp\u00e4iv\u00e4n molemmin puolin. Kun tietoa ja diilej\u00e4 on saatavilla niin paljon, unohdamme helposti, mist\u00e4 kaikki sai alkunsa. Joidenkin mielest\u00e4 kyseess\u00e4 on silti yh\u00e4 vain pelkk\u00e4 shoppailun ja hyvien tarjousten t\u00e4yteinen p\u00e4iv\u00e4. Toisille se merkitsee kulttuurista ilmi\u00f6t\u00e4, heijastusta yhteiskunnastamme sek\u00e4 siit\u00e4, kuinka konsumerismi on onnistunut muokkaamaan perinteit\u00e4mme ja juhlap\u00e4ivi\u00e4mme.<\/span><\/p>\n\n\n\n<p>Muista, mik\u00e4 aika vuodesta nyt on ja mit\u00e4 se tarkoitti viel\u00e4 150 vuotta sitten. Arvosta, mit\u00e4 olet ehk\u00e4 saanut s\u00e4\u00e4stetty\u00e4 alennuksia hy\u00f6dynnetty\u00e4si, mutta my\u00f6s sit\u00e4, mit\u00e4 sinulla jo on. \u00c4l\u00e4 my\u00f6sk\u00e4\u00e4n unohda v\u00e4l\u00e4ytt\u00e4\u00e4 hymy\u00e4si ja osoittaa kiitollisuuttasi heille, jotka (Sirokolla ja kaikilla muilla br\u00e4ndeill\u00e4) tekev\u00e4t t\u00e4st\u00e4 p\u00e4iv\u00e4st\u00e4\/viikosta\/kuukaudesta mahdollisen. Muista ajatella tuotesuunnittelu- ja markkinointitiimej\u00e4, jotka ovat olleet kuukausien ajan ty\u00f6n touhussa t\u00e4ytt\u00e4\u00e4kseen toiveesi, sit\u00e4 henkil\u00f6\u00e4, joka j\u00e4tt\u00e4\u00e4 paketin etuovellesi sek\u00e4 myym\u00e4l\u00e4ss\u00e4 sinua avustavaa ty\u00f6ntekij\u00e4\u00e4. Anna hetki my\u00f6s kaikille niille pikku tontuille, jotka osallistuvat tuotantoprosesseihin sek\u00e4 niille ihanille ty\u00f6ntekij\u00f6ille Sirokon varastoilla, jotka pit\u00e4v\u00e4t huolen siit\u00e4, ett\u00e4 saat ajallaan juuri sen, mit\u00e4 tilasit.\r\n<\/p>\n","protected":false},"excerpt":{"rendered":"<p>Black Friday on t\u00e4\u00e4ll\u00e4, joten mit\u00e4, jos pureutuisimme hieman t\u00e4m\u00e4n p\u00e4iv\u00e4n alkuper\u00e4\u00e4n? Moni shoppailija ei tied\u00e4, mist\u00e4 t\u00e4m\u00e4 tarjousten, alehulluttelujen ja loputtomien kampanjoiden hulabaloo on per\u00e4isin. Luota meihin \u2013 yll\u00e4tyt takuulla Black Fridayn todellisesta tarinasta sek\u00e4 sen alkuper\u00e4\u00e4n liittyvist\u00e4 seikoista. Matkustetaan ensin ajassa taaksep\u00e4in aina 1800-luvulle saakka. Monella on sellainen k\u00e4sitys, ett\u00e4 Black Friday -perinne&hellip;&nbsp;<\/p>\n<div class=\"read-more-wrapper\"><a href=\"https:\/\/www.siroko.com\/blog\/c\/fi\/halpoja-hintoja-ja-hysteriaa-black-fridayn-historia\/\" class=\"button button-secondary\" rel=\"bookmark\">Lue lis\u00e4\u00e4<span class=\"screen-reader-text\">Halpoja hintoja ja hysteriaa: Black Fridayn historia<\/span><\/a><\/div>\n","protected":false},"author":1,"featured_media":47457,"comment_status":"open","ping_status":"open","sticky":false,"template":"","format":"standard","meta":{"neve_meta_sidebar":"","neve_meta_container":"","neve_meta_enable_content_width":"","neve_meta_content_width":0,"neve_meta_title_alignment":"","neve_meta_author_avatar":"","neve_post_elements_order":"","neve_meta_disable_header":"","neve_meta_disable_footer":"","neve_meta_disable_title":"","neve_meta_reading_time":"","_themeisle_gutenberg_block_has_review":false,"footnotes":""},"categories":[20],"tags":[],"class_list":["post-47477","post","type-post","status-publish","format-standard","has-post-thumbnail","hentry","category-uncategorized-fi"],"_links":{"self":[{"href":"https:\/\/www.siroko.com\/blog\/c\/fi\/wp-json\/wp\/v2\/posts\/47477","targetHints":{"allow":["GET"]}}],"collection":[{"href":"https:\/\/www.siroko.com\/blog\/c\/fi\/wp-json\/wp\/v2\/posts"}],"about":[{"href":"https:\/\/www.siroko.com\/blog\/c\/fi\/wp-json\/wp\/v2\/types\/post"}],"author":[{"embeddable":true,"href":"https:\/\/www.siroko.com\/blog\/c\/fi\/wp-json\/wp\/v2\/users\/1"}],"replies":[{"embeddable":true,"href":"https:\/\/www.siroko.com\/blog\/c\/fi\/wp-json\/wp\/v2\/comments?post=47477"}],"version-history":[{"count":2,"href":"https:\/\/www.siroko.com\/blog\/c\/fi\/wp-json\/wp\/v2\/posts\/47477\/revisions"}],"predecessor-version":[{"id":47480,"href":"https:\/\/www.siroko.com\/blog\/c\/fi\/wp-json\/wp\/v2\/posts\/47477\/revisions\/47480"}],"wp:featuredmedia":[{"embeddable":true,"href":"https:\/\/www.siroko.com\/blog\/c\/fi\/wp-json\/wp\/v2\/media\/47457"}],"wp:attachment":[{"href":"https:\/\/www.siroko.com\/blog\/c\/fi\/wp-json\/wp\/v2\/media?parent=47477"}],"wp:term":[{"taxonomy":"category","embeddable":true,"href":"https:\/\/www.siroko.com\/blog\/c\/fi\/wp-json\/wp\/v2\/categories?post=47477"},{"taxonomy":"post_tag","embeddable":true,"href":"https:\/\/www.siroko.com\/blog\/c\/fi\/wp-json\/wp\/v2\/tags?post=47477"}],"curies":[{"name":"wp","href":"https:\/\/api.w.org\/{rel}","templated":true}]}}