{"id":59481,"date":"2025-06-30T10:30:00","date_gmt":"2025-06-30T08:30:00","guid":{"rendered":"https:\/\/www.siroko.com\/blog\/c\/?p=59481"},"modified":"2025-08-14T10:24:41","modified_gmt":"2025-08-14T08:24:41","slug":"unohtumattomat-avajaiset-sirokon-ensimmainen-barcelonan-myymala-avasi-ovensa","status":"publish","type":"post","link":"https:\/\/www.siroko.com\/blog\/c\/fi\/unohtumattomat-avajaiset-sirokon-ensimmainen-barcelonan-myymala-avasi-ovensa\/","title":{"rendered":"unohtumattomat-avajaiset-sirokon-ensimmainen-barcelonan-myymala-avasi-ovensa"},"content":{"rendered":"\n<p>Ensimm\u00e4inen Barcelonan myym\u00e4l\u00e4mme avasi ovensa kes\u00e4kuun 19. p\u00e4iv\u00e4n\u00e4 \u2013 ja meno paikalla oli huikea!<\/p>\n\n\n\n<div style=\"display: flex; justify-content: center; margin: 2rem 0;\">\n  <blockquote class=\"instagram-media\" \n              data-instgrm-permalink=\"https:\/\/www.instagram.com\/reel\/DLb5VKRiTcz\/\" \n              data-instgrm-version=\"14\" \n              style=\"background:#FFF; border:0; max-width:540px; width:100%;\">\n    <div style=\"padding:16px;\">\n      <a href=\"https:\/\/www.instagram.com\/reel\/DLb5VKRiTcz\/?utm_source=ig_embed&amp;utm_campaign=loading\" target=\"_blank\" style=\"color:#000; font-family:Arial,sans-serif; font-size:14px; font-style:normal; font-weight:550; line-height:17px; text-decoration:none; word-wrap:break-word;\" rel=\"noopener nofollow\">\n        Ver esta publicaci\u00f3n en Instagram\n      <\/a>\n    <\/div>\n  <\/blockquote>\n<\/div>\n<script async defer src=\"\/\/www.instagram.com\/embed.js\"><\/script>\n\n\n\n<p>Avajaisemme eiv\u00e4t olleet pelkk\u00e4 juhla.<br>Ne olivat todellinen kunnianosoitus.<br>Kunnianosoitus kaupungille, joka inspiroi meit\u00e4.<br>Kunnianosoitus vuoden 1992 kes\u00e4olympialaisille ja muistoille, jotka eiv\u00e4t himmene.<\/p>\n\n\n\n<p>Avajaisjuhlat l\u00e4htiv\u00e4t k\u00e4yntiin vuoden 1992 Barcelonan kes\u00e4olympialaisten tietovisalla.<\/p>\n\n\n\n<p>Ensimm\u00e4iset oikein vastanneet voittivat rajoitetun er\u00e4n T-paidat,<\/p>\n\n\n\n<p>ja kaikki paikalla olleet saivat kotiinviemisiksi lahjan.<\/p>\n\n\n\n<p>Ennen kaikkea n\u00e4m\u00e4 sanat j\u00e4iv\u00e4t paikalla olijoiden syd\u00e4miin:<\/p>\n\n\n\n<p><strong>Siroko i Barcelona. Amics per sempre.<\/strong><br><strong>Siroko ja Barcelona. Elinik\u00e4iset yst\u00e4vykset.<\/strong><\/p>\n\n\n\n<p>Seuraavaksi nautittiin musiikista:<\/p>\n\n\n\n<p>Paikalliset lahjakkuudet, kuten The Tyets esiintyiv\u00e4t liven\u00e4 t\u00e4ytt\u00e4en tilan energialla, kun taas<\/p>\n\n\n\n<p>El Legado de Peret vei meid\u00e4t kaikki takaisin vuoteen 1992 tanssitavilla hiteill\u00e4\u00e4n.<\/p>\n\n\n\n<p>Uutta alkua juhlistettiin my\u00f6s erinomaisella asturialaisella siiderill\u00e4 ja Espanjan pohjoisosille tyypillisill\u00e4 purtavilla.<\/p>\n\n\n\n<p>Kaiken t\u00e4m\u00e4n riehakkaan juhlinnan keskell\u00e4 er\u00e4s asia tuli meille varsin selv\u00e4ksi:<\/p>\n\n\n\n<p><strong>Siroko ei ainoastaan kasva. Se yhdist\u00e4\u00e4 meit\u00e4.<\/strong><\/p>\n\n\n\n<p>Se saa aikaan yhteyksi\u00e4 ihmisten, paikkojen ja muistojen v\u00e4lille.<br>Aina Asturiasta Kataloniaan, rannikolta rannikolle ja syd\u00e4mist\u00e4 syd\u00e4miin.<\/p>\n\n\n\n<p>T\u00e4ss\u00e4 p\u00e4iv\u00e4ss\u00e4 ei ollut kyse pelk\u00e4st\u00e4\u00e4n myym\u00e4l\u00e4mme avajaisista.<br>Kyse oli kunnianosoituksesta sille, keit\u00e4 olimme ennen, keit\u00e4 olemme nyt ja keiksi haluamme tulla.<br>Se oli my\u00f6s muistutus tapahtumasta, joka pohjautuu rauhaan ja yhtenev\u00e4isyyteen \u2013 kahteen ydinarvoon, jotka ovat t\u00e4rke\u00e4mpi\u00e4 nyt kuin koskaan ennen.<br><br>Barcelonan kohteemme ei ole mik\u00e4\u00e4n tavallinen myym\u00e4l\u00e4.<br>Inspiroiduimme tuhansista vapaaehtoisty\u00f6ntekij\u00f6ist\u00e4, jotka olivat mukana mahdollistamassa vuoden 1992 kes\u00e4olympialaisten j\u00e4rjest\u00e4misen.<br>Barcelonan sijaintimme lis\u00e4ksi haluamme saavuttaa muutakin.<br>Haluamme osallistua, tehd\u00e4 yhteisty\u00f6t\u00e4 ja j\u00e4tt\u00e4\u00e4 j\u00e4lkemme.<strong>Siroko i Barcelona. Sempre en moviment.<\/strong><br><strong>Siroko ja Barcelona. Aina liikkeess\u00e4.<\/strong><\/p>\n\n\n\n<div style=\"display: flex; justify-content: center; margin: 2rem 0;\">\n  <iframe \n    src=\"https:\/\/www.google.com\/maps\/embed?pb=!1m18!1m12!1m3!1d2467.311195960074!2d2.1572156729436758!3d41.39380340210778!2m3!1f0!2f0!3f0!3m2!1i1024!2i768!4f13.1!3m3!1m2!1s0x12a4a316a32f8431%3A0xa78e755e9ea5f9b0!2sSiroko!5e0!3m2!1ses!2ses!4v1750679320443!5m2!1ses!2ses\" \n    width=\"100%\" \n    height=\"450\" \n    style=\"border:0; max-width: 600px;\" \n    allowfullscreen=\"\" \n    loading=\"lazy\" \n    referrerpolicy=\"no-referrer-when-downgrade\">\n  <\/iframe>\n<\/div>\n","protected":false},"excerpt":{"rendered":"<p>Ensimm\u00e4inen Barcelonan myym\u00e4l\u00e4mme avasi ovensa kes\u00e4kuun 19. p\u00e4iv\u00e4n\u00e4 \u2013 ja meno paikalla oli huikea! Ver esta publicaci\u00f3n en Instagram Avajaisemme eiv\u00e4t olleet pelkk\u00e4 juhla.Ne olivat todellinen kunnianosoitus.Kunnianosoitus kaupungille, joka inspiroi meit\u00e4.Kunnianosoitus vuoden 1992 kes\u00e4olympialaisille ja muistoille, jotka eiv\u00e4t himmene. Avajaisjuhlat l\u00e4htiv\u00e4t k\u00e4yntiin vuoden 1992 Barcelonan kes\u00e4olympialaisten tietovisalla. Ensimm\u00e4iset oikein vastanneet voittivat rajoitetun er\u00e4n T-paidat, ja&hellip;&nbsp;<\/p>\n<div class=\"read-more-wrapper\"><a href=\"https:\/\/www.siroko.com\/blog\/c\/fi\/unohtumattomat-avajaiset-sirokon-ensimmainen-barcelonan-myymala-avasi-ovensa\/\" class=\"button button-secondary\" rel=\"bookmark\">Lue lis\u00e4\u00e4<span class=\"screen-reader-text\">unohtumattomat-avajaiset-sirokon-ensimmainen-barcelonan-myymala-avasi-ovensa<\/span><\/a><\/div>\n","protected":false},"author":1,"featured_media":59468,"comment_status":"open","ping_status":"open","sticky":false,"template":"","format":"standard","meta":{"neve_meta_sidebar":"","neve_meta_container":"","neve_meta_enable_content_width":"","neve_meta_content_width":0,"neve_meta_title_alignment":"","neve_meta_author_avatar":"","neve_post_elements_order":"","neve_meta_disable_header":"","neve_meta_disable_footer":"","neve_meta_disable_title":"","neve_meta_reading_time":"","_themeisle_gutenberg_block_has_review":false,"footnotes":""},"categories":[594],"tags":[],"class_list":["post-59481","post","type-post","status-publish","format-standard","has-post-thumbnail","hentry","category-siroko"],"_links":{"self":[{"href":"https:\/\/www.siroko.com\/blog\/c\/fi\/wp-json\/wp\/v2\/posts\/59481","targetHints":{"allow":["GET"]}}],"collection":[{"href":"https:\/\/www.siroko.com\/blog\/c\/fi\/wp-json\/wp\/v2\/posts"}],"about":[{"href":"https:\/\/www.siroko.com\/blog\/c\/fi\/wp-json\/wp\/v2\/types\/post"}],"author":[{"embeddable":true,"href":"https:\/\/www.siroko.com\/blog\/c\/fi\/wp-json\/wp\/v2\/users\/1"}],"replies":[{"embeddable":true,"href":"https:\/\/www.siroko.com\/blog\/c\/fi\/wp-json\/wp\/v2\/comments?post=59481"}],"version-history":[{"count":4,"href":"https:\/\/www.siroko.com\/blog\/c\/fi\/wp-json\/wp\/v2\/posts\/59481\/revisions"}],"predecessor-version":[{"id":60230,"href":"https:\/\/www.siroko.com\/blog\/c\/fi\/wp-json\/wp\/v2\/posts\/59481\/revisions\/60230"}],"wp:featuredmedia":[{"embeddable":true,"href":"https:\/\/www.siroko.com\/blog\/c\/fi\/wp-json\/wp\/v2\/media\/59468"}],"wp:attachment":[{"href":"https:\/\/www.siroko.com\/blog\/c\/fi\/wp-json\/wp\/v2\/media?parent=59481"}],"wp:term":[{"taxonomy":"category","embeddable":true,"href":"https:\/\/www.siroko.com\/blog\/c\/fi\/wp-json\/wp\/v2\/categories?post=59481"},{"taxonomy":"post_tag","embeddable":true,"href":"https:\/\/www.siroko.com\/blog\/c\/fi\/wp-json\/wp\/v2\/tags?post=59481"}],"curies":[{"name":"wp","href":"https:\/\/api.w.org\/{rel}","templated":true}]}}