{"id":47483,"date":"2023-11-03T11:11:23","date_gmt":"2023-11-03T10:11:23","guid":{"rendered":"https:\/\/www.siroko.com\/blog\/c\/discounts-desire-and-delirium-the-history-of-black-friday\/"},"modified":"2023-11-07T10:20:12","modified_gmt":"2023-11-07T09:20:12","slug":"promos-desir-et-delirium-lhistoire-du-black-friday","status":"publish","type":"post","link":"https:\/\/www.siroko.com\/blog\/c\/fr\/promos-desir-et-delirium-lhistoire-du-black-friday\/","title":{"rendered":"Promos, d\u00e9sir et delirium : l\u2019histoire du Black Friday"},"content":{"rendered":"\n<p>Black Friday est l\u00e0, alors pourquoi ne pas parler des origines de la journ\u00e9e ? La plupart des acheteurs n\u2019ont probablement pas la moindre id\u00e9e d\u2019o\u00f9 viennent cette pluie de promos et cette fr\u00e9n\u00e9sie de deals. Remontons donc le temps vers l\u2019\u00e9poque de Franklin D. Roosevelt et de ce qu\u2019il a \u00e0 faire avec tout ce bazar. Faites-nous confiance : la vraie histoire et les personnages impliqu\u00e9s dans l\u2019histoire du Black Friday vont vous surprendre.<\/p>\n\n\n\n<p>Retour donc au XIXe si\u00e8cle. Vous pensez peut-\u00eatre que Black Friday vient des soldes qui suivent Halloween pour \u00e9couler les stocks avant No\u00ebl. Mais la premi\u00e8re utilisation du terme a une provenance plus sombre (ou plus joyeuse, question de point de vue), li\u00e9e \u00e0 la sp\u00e9culation sur l\u2019or et \u00e0 <a href=\"https:\/\/fr.wikipedia.org\/wiki\/Scandale_Fisk-Gould\" target=\"_blank\" rel=\"noreferrer noopener nofollow\">la crise financi\u00e8re qui a explos\u00e9 le vendredi 24 septembre 1869<\/a> aux \u00c9tats-Unis. Oui, 1869. Pas vraiment l\u2019\u00e9poque o\u00f9 on imaginait notre grand-m\u00e8re faire la queue pour une t\u00e9l\u00e9 discount \u00e0 la FNAC.<\/p>\n\n\n<div class=\"wp-block-image\">\n<figure class=\"aligncenter size-large\"><img decoding=\"async\" width=\"1276\" height=\"666\" src=\"https:\/\/www.siroko.com\/blog\/c\/app\/uploads\/2023\/10\/Screenshot-27-1276x666.png\" alt=\"\" class=\"wp-image-47408\" title=\"\" srcset=\"https:\/\/www.siroko.com\/blog\/c\/app\/uploads\/2023\/10\/Screenshot-27-1276x666.png 1276w, https:\/\/www.siroko.com\/blog\/c\/app\/uploads\/2023\/10\/Screenshot-27-640x334.png 640w, https:\/\/www.siroko.com\/blog\/c\/app\/uploads\/2023\/10\/Screenshot-27-768x401.png 768w, https:\/\/www.siroko.com\/blog\/c\/app\/uploads\/2023\/10\/Screenshot-27.png 1440w\" sizes=\"(max-width: 1276px) 100vw, 1276px\" \/><\/figure>\n<\/div>\n\n\n<p>Le terme de <em>Black Friday <\/em>a aussi \u00e9t\u00e9 utilis\u00e9 par les polices de Philadelphie et Rochester dans les ann\u00e9es 60 pour d\u00e9crire le chaos qui se produisait apr\u00e8s Thanksgiving, \u00e0 cause du premier jour de shopping pour les F\u00eates et du <a href=\"https:\/\/en.wikipedia.org\/wiki\/Army%E2%80%93Navy_Game\" target=\"_blank\" rel=\"noreferrer noopener nofollow\">match de football (am\u00e9ricain, bien s\u00fbr !) opposant l\u2019US Army \u00e0 l\u2019US Navy<\/a>. Quel nom aurait donn\u00e9 les policiers \u00e0 la folie qui suivrait, aux arm\u00e9es de clients pr\u00eats \u00e0 se battre et \u00e0 griller les files d\u2019attente pour une t\u00e9l\u00e9 \u00e0 -10 % ? Mad Friday, le Vendredi Fou ?<\/p>\n\n\n\n<p>L\u2019habitude de lancer l\u2019intense p\u00e9riode de shopping des F\u00eates \u00e0 ces dates pr\u00e9cises date du d\u00e9but du XXe si\u00e8cle et des grands magasins comme Eaton\u2019s et Macy\u2019s qui sponsorisait la parade du P\u00e8re No\u00ebl le jour de Thanksgiving. No\u00ebl n\u2019\u00e9tait pas loin et les magasins indiquaient au P\u00e8re No\u00ebl o\u00f9 envoyer ses elfes pour faire leur shopping.<\/p>\n\n\n\n<figure class=\"wp-block-embed is-provider-youtube wp-block-embed-youtube\"><div class=\"wp-block-embed__wrapper\">\n<div class=\"nv-iframe-embed\"><iframe loading=\"lazy\" title=\"The History Of Macy&#039;s Thanksgiving Day Parade | Business Insider\" width=\"1200\" height=\"675\" src=\"https:\/\/www.youtube.com\/embed\/gpPeeUtN5Sc?feature=oembed\" frameborder=\"0\" allow=\"accelerometer; autoplay; clipboard-write; encrypted-media; gyroscope; picture-in-picture; web-share\" allowfullscreen><\/iframe><\/div>\n<\/div><\/figure>\n\n\n\n<p><br>Entre les parades et le chaos dans les zones commerciales, le terme a commenc\u00e9 \u00e0 s\u2019imposer. Et il \u00e9tait l\u00e0 pour rester, non seulement parmi les forces de police, mais par-dessus tout dans les m\u00e9dias et chez les vendeurs. Le terme \u00e9tait parfaitement logique : c\u2019est l\u2019\u00e9poque o\u00f9 les comptes en banque passaient du rouge au noir. Les revenus annuels commen\u00e7aient \u00e0 grimper.<\/p>\n\n\n\n<p>En parlant de chiffres, jetons un \u0153il aux plus r\u00e9cents. En 2022, Black Friday a battu son record aux \u00c9tats-Unis, avec plus de 9,12 milliards de dollars de d\u00e9penses <a href=\"https:\/\/business.adobe.com\/resources\/holiday-shopping-report.html\" target=\"_blank\" rel=\"noreferrer noopener nofollow\">selon Adobe Analytics<\/a>. Tout \u00e7a sans files d\u2019attente, bousculades et bastons. <a href=\"https:\/\/www.driveresearch.com\/market-research-company-blog\/black-friday-holiday-shopping-statistics\" target=\"_blank\" rel=\"noreferrer noopener nofollow\">En 2022, il n\u2019y avait que 32 % des sond\u00e9s qui se sont d\u00e9plac\u00e9s en personne<\/a>, 9 % de moins qu\u2019en 2021. La pand\u00e9mie de COVID-19 a acc\u00e9l\u00e9r\u00e9 la transition vers le shopping en ligne entam\u00e9e d\u00e8s 2003\/2004. Cette tendance a donn\u00e9 naissance au Cyber Monday en 2005, devenu encore plus populaire que le Black Friday, avec 11,3 milliards de dollars d\u00e9pens\u00e9s aux \u00c9tats-Unis en 2022.<\/p>\n\n\n\n<p>Les queues infinies et les personnes qui plantent leurs tentes devant les centres commerciaux pour mettre la main sur les meilleures promos sont en train de dispara\u00eetre.<\/p>\n\n\n\n<p>Idem pour les sc\u00e8nes de ces gens qui courent et qui se battent devant et dans les boutiques. <a href=\"https:\/\/bc.ctvnews.ca\/shirtless-man-uses-belt-as-a-whip-outside-vancouver-black-friday-sale-1.3179008\" target=\"_blank\" rel=\"noreferrer noopener nofollow\">Regardez ce bonhomme \u00e0 Vancouver qui se prend pour Indiana Jones, \u00e0 utiliser sa ceinture comme un fouet<\/a> devant une boutique Adidas. La fa\u00e7on dont la presse a pr\u00e9sent\u00e9 cette sc\u00e8ne donnait l\u2019impression que le ph\u00e9nom\u00e8ne \u00e9tait une nouvelle tradition de la p\u00e9riode des F\u00eates. Black Friday arrive, avec ses bastons, ses tasers et ses arrestations. Joyeuses F\u00eates !<\/p>\n\n\n\n<figure class=\"wp-block-embed is-provider-youtube wp-block-embed-youtube\"><div class=\"wp-block-embed__wrapper\">\n<div class=\"nv-iframe-embed\"><iframe loading=\"lazy\" title=\"Caught on Tape: Violent Black Friday Shopping Brawls\" width=\"1200\" height=\"675\" src=\"https:\/\/www.youtube.com\/embed\/ol6KWGMskCw?feature=oembed\" frameborder=\"0\" allow=\"accelerometer; autoplay; clipboard-write; encrypted-media; gyroscope; picture-in-picture; web-share\" allowfullscreen><\/iframe><\/div>\n<\/div><\/figure>\n\n\n\n<p><br>Et pourtant nous voil\u00e0 \u00e0 l\u2019heure o\u00f9 Black Friday est devenu sa version en ligne qui s\u2019\u00e9tend bien apr\u00e8s Thanksgiving. Avec autant d\u2019offres, de promos et d\u2019infos \u00e0 port\u00e9e de main, c\u2019est facile d\u2019oublier d\u2019o\u00f9 \u00e7a vient. Maintenant, certains diront que c\u2019est une journ\u00e9e pour le shopping et les bonnes promos. Pour d\u2019autres, c\u2019est un ph\u00e9nom\u00e8ne culturel, un reflet de nos soci\u00e9t\u00e9s et de la fa\u00e7on dont le consum\u00e9risme sculpte nos traditions et notre fa\u00e7on de passer les F\u00eates.<\/p>\n\n\n\n<p>Rappelez-vous de l\u2019\u00e9poque de l\u2019ann\u00e9e o\u00f9 nous sommes, et de ce qu\u2019elle signifiait il n\u2019y a pas si longtemps. Appr\u00e9ciez ce que vous \u00e9conomisez mais aussi ce que vous avez d\u00e9j\u00e0. Et n\u2019oubliez pas de partager un sourire et de montrer votre gratitude \u00e0 ceux qui comme Siroko et de nombreuses autres marques rendent cette journ\u00e9e, cette semaine, ce mois possibles. Pensez aux \u00e9quipes qui con\u00e7oivent les produits et au personnel du d\u00e9partement marketing qui travaille depuis des mois pour exaucer vos souhaits. Pensez \u00e0 la personne qui vous livre votre colis, \u00e0 celles et ceux qui fabriquent vos objets, et aux \u00e9quipes des entrep\u00f4ts de Siroko qui travaillent d\u2019arrache-pied pour vous assurer de recevoir votre colis \u00e0 l\u2019heure.<\/p>\n","protected":false},"excerpt":{"rendered":"<p>Black Friday est l\u00e0, alors pourquoi ne pas parler des origines de la journ\u00e9e ? La plupart des acheteurs n\u2019ont probablement pas la moindre id\u00e9e d\u2019o\u00f9 viennent cette pluie de promos et cette fr\u00e9n\u00e9sie de deals. Remontons donc le temps vers l\u2019\u00e9poque de Franklin D. Roosevelt et de ce qu\u2019il a \u00e0 faire avec tout&hellip;&nbsp;<\/p>\n<div class=\"read-more-wrapper\"><a href=\"https:\/\/www.siroko.com\/blog\/c\/fr\/promos-desir-et-delirium-lhistoire-du-black-friday\/\" class=\"button button-secondary\" rel=\"bookmark\">En lire plus<span class=\"screen-reader-text\">Promos, d\u00e9sir et delirium : l\u2019histoire du Black Friday<\/span><\/a><\/div>\n","protected":false},"author":1,"featured_media":47458,"comment_status":"open","ping_status":"open","sticky":false,"template":"","format":"standard","meta":{"neve_meta_sidebar":"","neve_meta_container":"","neve_meta_enable_content_width":"","neve_meta_content_width":0,"neve_meta_title_alignment":"","neve_meta_author_avatar":"","neve_post_elements_order":"","neve_meta_disable_header":"","neve_meta_disable_footer":"","neve_meta_disable_title":"","neve_meta_reading_time":"","_themeisle_gutenberg_block_has_review":false,"footnotes":""},"categories":[21],"tags":[],"class_list":["post-47483","post","type-post","status-publish","format-standard","has-post-thumbnail","hentry","category-non-classifiee"],"_links":{"self":[{"href":"https:\/\/www.siroko.com\/blog\/c\/fr\/wp-json\/wp\/v2\/posts\/47483","targetHints":{"allow":["GET"]}}],"collection":[{"href":"https:\/\/www.siroko.com\/blog\/c\/fr\/wp-json\/wp\/v2\/posts"}],"about":[{"href":"https:\/\/www.siroko.com\/blog\/c\/fr\/wp-json\/wp\/v2\/types\/post"}],"author":[{"embeddable":true,"href":"https:\/\/www.siroko.com\/blog\/c\/fr\/wp-json\/wp\/v2\/users\/1"}],"replies":[{"embeddable":true,"href":"https:\/\/www.siroko.com\/blog\/c\/fr\/wp-json\/wp\/v2\/comments?post=47483"}],"version-history":[{"count":2,"href":"https:\/\/www.siroko.com\/blog\/c\/fr\/wp-json\/wp\/v2\/posts\/47483\/revisions"}],"predecessor-version":[{"id":47502,"href":"https:\/\/www.siroko.com\/blog\/c\/fr\/wp-json\/wp\/v2\/posts\/47483\/revisions\/47502"}],"wp:featuredmedia":[{"embeddable":true,"href":"https:\/\/www.siroko.com\/blog\/c\/fr\/wp-json\/wp\/v2\/media\/47458"}],"wp:attachment":[{"href":"https:\/\/www.siroko.com\/blog\/c\/fr\/wp-json\/wp\/v2\/media?parent=47483"}],"wp:term":[{"taxonomy":"category","embeddable":true,"href":"https:\/\/www.siroko.com\/blog\/c\/fr\/wp-json\/wp\/v2\/categories?post=47483"},{"taxonomy":"post_tag","embeddable":true,"href":"https:\/\/www.siroko.com\/blog\/c\/fr\/wp-json\/wp\/v2\/tags?post=47483"}],"curies":[{"name":"wp","href":"https:\/\/api.w.org\/{rel}","templated":true}]}}