{"id":59482,"date":"2025-06-30T10:30:00","date_gmt":"2025-06-30T08:30:00","guid":{"rendered":"https:\/\/www.siroko.com\/blog\/c\/?p=59482"},"modified":"2025-06-30T10:23:01","modified_gmt":"2025-06-30T08:23:01","slug":"une-inauguration-memorable-la-premiere-boutique-siroko-arrive-a-barcelone","status":"publish","type":"post","link":"https:\/\/www.siroko.com\/blog\/c\/fr\/une-inauguration-memorable-la-premiere-boutique-siroko-arrive-a-barcelone\/","title":{"rendered":"Une inauguration m\u00e9morable\u00a0: la premi\u00e8re boutique Siroko arrive \u00e0 Barcelone"},"content":{"rendered":"\n<p>Le 19 juin, on a ouvert les portes de notre toute premi\u00e8re boutique \u00e0 Barcelone. Et ce qui s&#8217;est pass\u00e9 \u00e0 l&#8217;int\u00e9rieur&#8230; c&#8217;\u00e9tait bien plus qu&#8217;une simple inauguration.<\/p>\n\n\n\n<div style=\"display: flex; justify-content: center; margin: 2rem 0;\">\n  <blockquote class=\"instagram-media\" \n              data-instgrm-permalink=\"https:\/\/www.instagram.com\/reel\/DLb5VKRiTcz\/\" \n              data-instgrm-version=\"14\" \n              style=\"background:#FFF; border:0; max-width:540px; width:100%;\">\n    <div style=\"padding:16px;\">\n      <a href=\"https:\/\/www.instagram.com\/reel\/DLb5VKRiTcz\/?utm_source=ig_embed&amp;utm_campaign=loading\" target=\"_blank\" style=\"color:#000; font-family:Arial,sans-serif; font-size:14px; font-style:normal; font-weight:550; line-height:17px; text-decoration:none; word-wrap:break-word;\" rel=\"noopener nofollow\">\n        Ver esta publicaci\u00f3n en Instagram\n      <\/a>\n    <\/div>\n  <\/blockquote>\n<\/div>\n<script async defer src=\"\/\/www.instagram.com\/embed.js\"><\/script>\n\n\n\n<p>Ce n&#8217;\u00e9tait pas juste une f\u00eate.<br>C&#8217;\u00e9tait un v\u00e9ritable hommage.<br>Un hommage \u00e0 une ville qui nous inspire chaque jour.<br>Un hommage \u00e0 cet \u00e9t\u00e9 olympique de 1992 qui nous a profond\u00e9ment marqu\u00e9s.<\/p>\n\n\n\n<p>On a lanc\u00e9 les festivit\u00e9s avec un quiz sp\u00e9cial JO de Barcelone.<\/p>\n\n\n\n<p>Les plus rapides \u00e0 r\u00e9pondre juste ont remport\u00e9 des t-shirts en \u00e9dition limit\u00e9e.<\/p>\n\n\n\n<p>Et toutes celles et ceux qui sont venus nous voir sont repartis avec un cadeau.<\/p>\n\n\n\n<p>Mais surtout, une phrase a r\u00e9sonn\u00e9 dans tous les c\u0153urs&nbsp;:<\/p>\n\n\n\n<p><strong><em>Siroko i Barcelona. Amics per sempre.<\/em><\/strong><br><strong><em>Siroko et Barcelone. Amis pour toujours.<\/em><\/strong><\/p>\n\n\n\n<p>Tr\u00e8s vite, la musique a pris le relais&nbsp;:<\/p>\n\n\n\n<p>Des artistes locaux comme <em>The Tyets<\/em> ont jou\u00e9 en live avec une \u00e9nergie d\u00e9bordante,<\/p>\n\n\n\n<p>et <em>El Legado de Peret <\/em>nous a ramen\u00e9s tout droit en 92 avec sa rumba catalane entra\u00eenante.<\/p>\n\n\n\n<p>Le tout accompagn\u00e9 de cidre asturien et de tapas du nord pour trinquer \u00e0 cette nouvelle aventure.<\/p>\n\n\n\n<p>Et quelque part entre les quiz, les cadeaux \u00e9dition limit\u00e9e et les surprises\u2026 on a eu une r\u00e9v\u00e9lation&nbsp;:<\/p>\n\n\n\n<p><strong>Siroko ne fait pas que grandir. Siroko tisse des liens solides.<\/strong><\/p>\n\n\n\n<p>Des liens profonds avec des gens, des lieux et des souvenirs qui vivent encore en nous.<br>Des Asturies \u00e0 la Catalogne. D&#8217;une c\u00f4te \u00e0 l&#8217;autre. De c\u0153ur \u00e0 c\u0153ur.<\/p>\n\n\n\n<p>Non, ce n&#8217;\u00e9tait pas une simple inauguration.<br>C&#8217;\u00e9tait un hommage \u00e0 ce qu&#8217;on a \u00e9t\u00e9, \u00e0 ce qu&#8217;on est, et \u00e0 ce qu&#8217;on r\u00eave de devenir.<br>Un appel \u00e0 la paix et \u00e0 l&#8217;union, deux choses dont le monde a cruellement besoin en ce moment.<br><br>Non, celle-ci n&#8217;est pas une boutique comme les autres.<br>Port\u00e9s par l\u2019esprit des milliers de b\u00e9n\u00e9voles des JO de 92,<br>on ne veut pas juste \u00eatre \u00e0 Barcelone&nbsp;:<br>on veut y participer, y contribuer et y laisser notre empreinte.<\/p>\n\n\n\n<p><strong><em>Siroko i Barcelona. Sempre en moviment.<\/em><\/strong><br><strong><em>Siroko et Barcelone. Toujours en mouvement.<\/em><\/strong><\/p>\n\n\n\n<div style=\"display: flex; justify-content: center; margin: 2rem 0;\">\n  <iframe \n    src=\"https:\/\/www.google.com\/maps\/embed?pb=!1m18!1m12!1m3!1d2467.311195960074!2d2.1572156729436758!3d41.39380340210778!2m3!1f0!2f0!3f0!3m2!1i1024!2i768!4f13.1!3m3!1m2!1s0x12a4a316a32f8431%3A0xa78e755e9ea5f9b0!2sSiroko!5e0!3m2!1ses!2ses!4v1750679320443!5m2!1ses!2ses\" \n    width=\"100%\" \n    height=\"450\" \n    style=\"border:0; max-width: 600px;\" \n    allowfullscreen=\"\" \n    loading=\"lazy\" \n    referrerpolicy=\"no-referrer-when-downgrade\">\n  <\/iframe>\n<\/div>\n","protected":false},"excerpt":{"rendered":"<p>Le 19 juin, on a ouvert les portes de notre toute premi\u00e8re boutique \u00e0 Barcelone. Et ce qui s&#8217;est pass\u00e9 \u00e0 l&#8217;int\u00e9rieur&#8230; c&#8217;\u00e9tait bien plus qu&#8217;une simple inauguration. Ver esta publicaci\u00f3n en Instagram Ce n&#8217;\u00e9tait pas juste une f\u00eate.C&#8217;\u00e9tait un v\u00e9ritable hommage.Un hommage \u00e0 une ville qui nous inspire chaque jour.Un hommage \u00e0 cet \u00e9t\u00e9&hellip;&nbsp;<\/p>\n<div class=\"read-more-wrapper\"><a href=\"https:\/\/www.siroko.com\/blog\/c\/fr\/une-inauguration-memorable-la-premiere-boutique-siroko-arrive-a-barcelone\/\" class=\"button button-secondary\" rel=\"bookmark\">En lire plus<span class=\"screen-reader-text\">Une inauguration m\u00e9morable\u00a0: la premi\u00e8re boutique Siroko arrive \u00e0 Barcelone<\/span><\/a><\/div>\n","protected":false},"author":1,"featured_media":59469,"comment_status":"open","ping_status":"open","sticky":false,"template":"","format":"standard","meta":{"neve_meta_sidebar":"","neve_meta_container":"","neve_meta_enable_content_width":"","neve_meta_content_width":0,"neve_meta_title_alignment":"","neve_meta_author_avatar":"","neve_post_elements_order":"","neve_meta_disable_header":"","neve_meta_disable_footer":"","neve_meta_disable_title":"","neve_meta_reading_time":"","_themeisle_gutenberg_block_has_review":false,"footnotes":""},"categories":[595],"tags":[],"class_list":["post-59482","post","type-post","status-publish","format-standard","has-post-thumbnail","hentry","category-siroko"],"_links":{"self":[{"href":"https:\/\/www.siroko.com\/blog\/c\/fr\/wp-json\/wp\/v2\/posts\/59482","targetHints":{"allow":["GET"]}}],"collection":[{"href":"https:\/\/www.siroko.com\/blog\/c\/fr\/wp-json\/wp\/v2\/posts"}],"about":[{"href":"https:\/\/www.siroko.com\/blog\/c\/fr\/wp-json\/wp\/v2\/types\/post"}],"author":[{"embeddable":true,"href":"https:\/\/www.siroko.com\/blog\/c\/fr\/wp-json\/wp\/v2\/users\/1"}],"replies":[{"embeddable":true,"href":"https:\/\/www.siroko.com\/blog\/c\/fr\/wp-json\/wp\/v2\/comments?post=59482"}],"version-history":[{"count":4,"href":"https:\/\/www.siroko.com\/blog\/c\/fr\/wp-json\/wp\/v2\/posts\/59482\/revisions"}],"predecessor-version":[{"id":59540,"href":"https:\/\/www.siroko.com\/blog\/c\/fr\/wp-json\/wp\/v2\/posts\/59482\/revisions\/59540"}],"wp:featuredmedia":[{"embeddable":true,"href":"https:\/\/www.siroko.com\/blog\/c\/fr\/wp-json\/wp\/v2\/media\/59469"}],"wp:attachment":[{"href":"https:\/\/www.siroko.com\/blog\/c\/fr\/wp-json\/wp\/v2\/media?parent=59482"}],"wp:term":[{"taxonomy":"category","embeddable":true,"href":"https:\/\/www.siroko.com\/blog\/c\/fr\/wp-json\/wp\/v2\/categories?post=59482"},{"taxonomy":"post_tag","embeddable":true,"href":"https:\/\/www.siroko.com\/blog\/c\/fr\/wp-json\/wp\/v2\/tags?post=59482"}],"curies":[{"name":"wp","href":"https:\/\/api.w.org\/{rel}","templated":true}]}}