{"id":47485,"date":"2023-11-03T11:11:23","date_gmt":"2023-11-03T10:11:23","guid":{"rendered":"https:\/\/www.siroko.com\/blog\/c\/discounts-desire-and-delirium-the-history-of-black-friday\/"},"modified":"2023-11-07T16:36:47","modified_gmt":"2023-11-07T15:36:47","slug":"discounts-desire-and-delirium-the-history-of-black-friday","status":"publish","type":"post","link":"https:\/\/www.siroko.com\/blog\/c\/it\/discounts-desire-and-delirium-the-history-of-black-friday\/","title":{"rendered":"Sconti, desiderio e delirio: la storia del Black Friday"},"content":{"rendered":"\n<p>Il venerd\u00ec nero, che oramai tutti chiamano Black Friday, \u00e8 arrivato. Che ne dici di dare uno sguardo al passato per scoprire come \u00e8 nata questa giornata? Molti appassionati di shopping probabilmente non sanno da dove arrivi questo tripudio di offerte, saldi e promozioni. Diamo uno sguardo da vicino a Franklin D. Roosevelt e al suo ruolo in questa storia. Fidati quando ti diciamo che la vera storia del Black Friday ti sorprender\u00e0, anche grazie ai personaggi che hanno segnato la sua origine.<\/p>\n\n\n\n<p>Ora, torniamo al 19\u00b0 secolo. Potresti pensare che il Black Friday nasca dai saldi post Giorno del Ringraziamento, con l\u2019obiettivo di svuotare i magazzini prima di Natale. In realt\u00e0, il primo utilizzo di questo termine ha delle tinte pi\u00f9 fosche (o pi\u00f9 positive, a seconda del punto di vista), essendo legato alla speculazione sull\u2019oro e alla <a href=\"https:\/\/en.wikipedia.org\/wiki\/Black_Friday_(1869)\" target=\"_blank\" rel=\"noreferrer noopener nofollow\">crisi finanziaria innescatasi venerd\u00ec 24 settembre 1869<\/a> negli USA. S\u00ec, proprio cos\u00ec: 1869. Non \u00e8 esattamente il periodo in cui ti aspetteresti di vedere la nonnina che aspetta in fila davanti al centro commerciale.&nbsp;&nbsp;<\/p>\n\n\n<div class=\"wp-block-image\">\n<figure class=\"aligncenter size-large\"><img decoding=\"async\" width=\"1276\" height=\"666\" src=\"https:\/\/www.siroko.com\/blog\/c\/app\/uploads\/2023\/10\/Screenshot-27-1276x666.png\" alt=\"\" class=\"wp-image-47408\" title=\"\" srcset=\"https:\/\/www.siroko.com\/blog\/c\/app\/uploads\/2023\/10\/Screenshot-27-1276x666.png 1276w, https:\/\/www.siroko.com\/blog\/c\/app\/uploads\/2023\/10\/Screenshot-27-640x334.png 640w, https:\/\/www.siroko.com\/blog\/c\/app\/uploads\/2023\/10\/Screenshot-27-768x401.png 768w, https:\/\/www.siroko.com\/blog\/c\/app\/uploads\/2023\/10\/Screenshot-27.png 1440w\" sizes=\"(max-width: 1276px) 100vw, 1276px\" \/><\/figure>\n<\/div>\n\n\n<p>Un altro utilizzo del termine &#8220;Black Friday&#8221; venne coniato dalla polizia di Philadelphia e Rochester negli anni \u201860 dello scorso secolo per descrivere il caos fra auto e pedoni dopo il Ringraziamento all\u2019apertura dello shopping natalizio, in corrispondenza con <a href=\"https:\/\/en.wikipedia.org\/wiki\/Army%E2%80%93Navy_Game\" target=\"_blank\" rel=\"noreferrer noopener nofollow\">la partita di football fra Esercito e Marina (Army vs Navy)<\/a>. Sono certo che i poliziotti al tempo non potessero immaginare quel che sarebbe successo in seguito. Come sarebbero state chiamate quelle giornate con fiumane di persone in preda alla follia dello shopping, pronte a farsi largo a spinte e spallate fra la calca, o magari a lottare per uno sconto del 10% sulla TV? Mad Friday?<\/p>\n\n\n\n<p>L\u2019abitudine di far iniziare questo periodo di shopping intenso in corrispondenza di date specifiche risale all\u2019inizio del 20\u00b0 secolo. Importanti catene di negozi americane come Eaton\u2019s o Macy\u2019s iniziarono infatti a sponsorizzare la parata di Babbo Natale in corrispondenza della Festa del Ringraziamento. Natale era dietro l\u2019angolo e il buon Babbo doveva capire dove mandare i suoi elfi per trovare i regali dei bambini di tutto il mondo.<\/p>\n\n\n\n<figure class=\"wp-block-embed is-provider-youtube wp-block-embed-youtube\"><div class=\"wp-block-embed__wrapper\">\n<div class=\"nv-iframe-embed\"><iframe loading=\"lazy\" title=\"The History Of Macy&#039;s Thanksgiving Day Parade | Business Insider\" width=\"1200\" height=\"675\" src=\"https:\/\/www.youtube.com\/embed\/gpPeeUtN5Sc?feature=oembed\" frameborder=\"0\" allow=\"accelerometer; autoplay; clipboard-write; encrypted-media; gyroscope; picture-in-picture; web-share\" allowfullscreen><\/iframe><\/div>\n<\/div><\/figure>\n\n\n\n<p><br>Fra le parate e il caos nelle aree dedicate allo shopping, il termine cominci\u00f2 a prendere piede. E lo prese sul serio. Non solo fra le Forze dell\u2019Ordine ma, soprattutto, fra i giornalisti e i venditori. A livello concettuale, aveva molto senso per tante persone, dato che i numeri di bilancio passavano dal rosso al nero (dal passivo all\u2019attivo). I ricavi annuali si impennavano letteralmente.<\/p>\n\n\n\n<p>Parlando di numeri, diamo uno sguardo ad alcune cifre recenti. Nel 2022, il Black Friday ha infranto il suo stesso record negli USA. La spesa totale per lo shopping \u00e8 stata di 9,12 miliardi di dollari, <a href=\"https:\/\/business.adobe.com\/resources\/holiday-shopping-report.html\" target=\"_blank\" rel=\"noreferrer noopener nofollow\">secondo Adobe Analytics<\/a>. E tutto questo senza code, spallate e battaglie per accaparrarsi l\u2019ultimo articolo. <a href=\"https:\/\/www.driveresearch.com\/market-research-company-blog\/black-friday-holiday-shopping-statistics\" target=\"_blank\" rel=\"noreferrer noopener nofollow\">Infatti, nel 2022 solo il 32% delle persone coinvolte in un sondaggio negli USA ha detto di aver fatto acquisti di persona.<\/a> Numeri in calo del 9% rispetto al 2021. La pandemia da COVID-19 ha accelerato il passaggio verso lo shopping online, iniziato nei primi anni 2000. Questa tendenza ha contribuito a far conoscere il Cyber Monday a partire dal 2005, una giornata che ha avuto pi\u00f9 successo del Black Friday vero e proprio, visti gli 11,3 miliardi di dollari spesi negli USA l\u2019anno scorso durante questa festivit\u00e0 dedicata allo shopping. Le file interminabili e le immagini di persone accampate davanti ai negozi per cogliere al volo le offerte sembrano essere un ricordo del passato.&nbsp;<\/p>\n\n\n\n<p>E questo vale anche per le scene fatte di persone che corrono e lottano fuori e dentro ai negozi. <a href=\"https:\/\/bc.ctvnews.ca\/shirtless-man-uses-belt-as-a-whip-outside-vancouver-black-friday-sale-1.3179008\" target=\"_blank\" rel=\"noreferrer noopener nofollow\">Come questo tizio di Vancouver che improvvisamente si \u00e8 sentito Indiana Jones e ha deciso di usare la cintura come frusta<\/a> all\u2019entrata di un negozio Adidas. A giudicare dal modo in cui la storia \u00e8 stata raccontata dalla stampa, questo fenomeno stava diventando lentamente un\u2019altra tradizione di questa festivit\u00e0. Arriva il Black Friday con le risse, gli arresti, i taser\u2026 Sorridi, America!<\/p>\n\n\n\n<figure class=\"wp-block-embed is-provider-youtube wp-block-embed-youtube\"><div class=\"wp-block-embed__wrapper\">\n<div class=\"nv-iframe-embed\"><iframe loading=\"lazy\" title=\"Caught on Tape: Violent Black Friday Shopping Brawls\" width=\"1200\" height=\"675\" src=\"https:\/\/www.youtube.com\/embed\/ol6KWGMskCw?feature=oembed\" frameborder=\"0\" allow=\"accelerometer; autoplay; clipboard-write; encrypted-media; gyroscope; picture-in-picture; web-share\" allowfullscreen><\/iframe><\/div>\n<\/div><\/figure>\n\n\n\n<p><br>Ed eccoci qua, in un\u2019era in cui il Black Friday \u00e8 diventato ironicamente la sua versione online e parte prima (e finisce dopo) rispetto al Giorno del ringraziamento. Con cos\u00ec tante informazioni e offerte a disposizione, \u00e8 facile dimenticarsi la vera origine di questa festa. Ora, alcuni potrebbero dire che \u00e8 semplicemente una giornata di offerte e di shopping. Ma per altri, \u00e8 un fenomeno culturale, un\u2019istantanea della nostra societ\u00e0 e del modo in cui il consumismo ha cambiato le nostre tradizioni e le vacanze.&nbsp;<\/p>\n\n\n\n<p>Ricorda in che periodo dell\u2019anno ti trovi e cosa significava fino a non troppo tempo fa. Dai valore a ci\u00f2 che hai risparmiato ma anche a quello che hai gi\u00e0. E non dimenticarti di regalare un sorriso e un ringraziamento a quelli che, a Siroko o in qualsiasi altra azienda, rendono possibile questo giorno\/settimana\/mese. Pensa alle persone impegnate nel design del prodotto o al marketing che hanno lavorato mesi e mesi per soddisfare i tuoi desideri, alle persone che consegnano il pacco alla tua porta o a chi ti serve al negozio, senza dimenticare tutti quegli \u201celfi\u201d che aiutano nella produzione o a chi nei magazzini Siroko fa il possibile per far arrivare il tuo ordine in tempo e in perfette condizioni.<\/p>\n","protected":false},"excerpt":{"rendered":"<p>Il venerd\u00ec nero, che oramai tutti chiamano Black Friday, \u00e8 arrivato. Che ne dici di dare uno sguardo al passato per scoprire come \u00e8 nata questa giornata? Molti appassionati di shopping probabilmente non sanno da dove arrivi questo tripudio di offerte, saldi e promozioni. Diamo uno sguardo da vicino a Franklin D. Roosevelt e al&hellip;&nbsp;<\/p>\n<div class=\"read-more-wrapper\"><a href=\"https:\/\/www.siroko.com\/blog\/c\/it\/discounts-desire-and-delirium-the-history-of-black-friday\/\" class=\"button button-secondary\" rel=\"bookmark\">Leggi di pi\u00f9<span class=\"screen-reader-text\">Sconti, desiderio e delirio: la storia del Black Friday<\/span><\/a><\/div>\n","protected":false},"author":1,"featured_media":47461,"comment_status":"open","ping_status":"open","sticky":false,"template":"","format":"standard","meta":{"neve_meta_sidebar":"","neve_meta_container":"","neve_meta_enable_content_width":"","neve_meta_content_width":0,"neve_meta_title_alignment":"","neve_meta_author_avatar":"","neve_post_elements_order":"","neve_meta_disable_header":"","neve_meta_disable_footer":"","neve_meta_disable_title":"","neve_meta_reading_time":"","_themeisle_gutenberg_block_has_review":false,"footnotes":""},"categories":[24],"tags":[],"class_list":["post-47485","post","type-post","status-publish","format-standard","has-post-thumbnail","hentry","category-non-categorizzato"],"_links":{"self":[{"href":"https:\/\/www.siroko.com\/blog\/c\/it\/wp-json\/wp\/v2\/posts\/47485","targetHints":{"allow":["GET"]}}],"collection":[{"href":"https:\/\/www.siroko.com\/blog\/c\/it\/wp-json\/wp\/v2\/posts"}],"about":[{"href":"https:\/\/www.siroko.com\/blog\/c\/it\/wp-json\/wp\/v2\/types\/post"}],"author":[{"embeddable":true,"href":"https:\/\/www.siroko.com\/blog\/c\/it\/wp-json\/wp\/v2\/users\/1"}],"replies":[{"embeddable":true,"href":"https:\/\/www.siroko.com\/blog\/c\/it\/wp-json\/wp\/v2\/comments?post=47485"}],"version-history":[{"count":3,"href":"https:\/\/www.siroko.com\/blog\/c\/it\/wp-json\/wp\/v2\/posts\/47485\/revisions"}],"predecessor-version":[{"id":47505,"href":"https:\/\/www.siroko.com\/blog\/c\/it\/wp-json\/wp\/v2\/posts\/47485\/revisions\/47505"}],"wp:featuredmedia":[{"embeddable":true,"href":"https:\/\/www.siroko.com\/blog\/c\/it\/wp-json\/wp\/v2\/media\/47461"}],"wp:attachment":[{"href":"https:\/\/www.siroko.com\/blog\/c\/it\/wp-json\/wp\/v2\/media?parent=47485"}],"wp:term":[{"taxonomy":"category","embeddable":true,"href":"https:\/\/www.siroko.com\/blog\/c\/it\/wp-json\/wp\/v2\/categories?post=47485"},{"taxonomy":"post_tag","embeddable":true,"href":"https:\/\/www.siroko.com\/blog\/c\/it\/wp-json\/wp\/v2\/tags?post=47485"}],"curies":[{"name":"wp","href":"https:\/\/api.w.org\/{rel}","templated":true}]}}