{"id":59484,"date":"2025-06-30T10:30:00","date_gmt":"2025-06-30T08:30:00","guid":{"rendered":"https:\/\/www.siroko.com\/blog\/c\/?p=59484"},"modified":"2025-06-30T10:24:48","modified_gmt":"2025-06-30T08:24:48","slug":"unapertura-indimenticabile-e-finalmente-arrivato-il-primo-negozio-siroko-a-barcellona","status":"publish","type":"post","link":"https:\/\/www.siroko.com\/blog\/c\/it\/unapertura-indimenticabile-e-finalmente-arrivato-il-primo-negozio-siroko-a-barcellona\/","title":{"rendered":"Un&#8217;apertura indimenticabile: \u00e8 finalmente arrivato il primo negozio Siroko a Barcellona"},"content":{"rendered":"\n<p>Il 19 giugno abbiamo aperto le porte del nostro primo negozio a Barcellona e\u2026 non puoi immaginare cosa sia successo al suo interno.<\/p>\n\n\n\n<div style=\"display: flex; justify-content: center; margin: 2rem 0;\">\n  <blockquote class=\"instagram-media\" \n              data-instgrm-permalink=\"https:\/\/www.instagram.com\/reel\/DLb5VKRiTcz\/\" \n              data-instgrm-version=\"14\" \n              style=\"background:#FFF; border:0; max-width:540px; width:100%;\">\n    <div style=\"padding:16px;\">\n      <a href=\"https:\/\/www.instagram.com\/reel\/DLb5VKRiTcz\/?utm_source=ig_embed&amp;utm_campaign=loading\" target=\"_blank\" style=\"color:#000; font-family:Arial,sans-serif; font-size:14px; font-style:normal; font-weight:550; line-height:17px; text-decoration:none; word-wrap:break-word;\" rel=\"noopener nofollow\">\n        Ver esta publicaci\u00f3n en Instagram\n      <\/a>\n    <\/div>\n  <\/blockquote>\n<\/div>\n<script async defer src=\"\/\/www.instagram.com\/embed.js\"><\/script>\n\n\n\n<p>Pi\u00f9 di una semplice festa.<br>Un vero e proprio tributo.<br>Un tributo a una citt\u00e0 che ci ispira.<br>Un tributo all&#8217;estate olimpica del &#8217;92, un ricordo impresso nella nostra memoria.<\/p>\n\n\n\n<p>Tutto \u00e8 partito con un simpatico quiz su Barcellona \u201892.<\/p>\n\n\n\n<p>I primi a rispondere correttamente alle nostre domande hanno vinto T-shirt in edizione limitata,<\/p>\n\n\n\n<p>ma tutti quelli che sono venuti a trovarci hanno ricevuto un regalo.<\/p>\n\n\n\n<p>Soprattutto, queste parole sono state scritte indelebilmente nel nostro cuore:<\/p>\n\n\n\n<p><strong><em>Siroko i Barcelona. Amics per sempre.<\/em><\/strong><br><strong><em>Siroko e Barcelona. Amici per sempre.<\/em><\/strong><\/p>\n\n\n\n<p>Poi, la musica ha riempito l&#8217;aria:<\/p>\n\n\n\n<p>Talenti musicali del luogo come <em>The Tyets<\/em> hanno suonato dal vivo con tutta la loro energia, mentre<\/p>\n\n\n\n<p><em>El Legado de Peret<\/em> ci ha riportati al 1992, facendoci ballare.<\/p>\n\n\n\n<p>Il tutto accompagnato da sidro asturiano e stuzzichini del nord della Spagna, per festeggiare questo nuovo inizio.<\/p>\n\n\n\n<p>E, tra quiz olimpici, regali e magliette in edizione limitata, ci siamo resi conto di una cosa:<\/p>\n\n\n\n<p><strong>Siroko non sta semplicemente crescendo. Siroko si sta connettendo.<\/strong><\/p>\n\n\n\n<p>Connettendo con le persone, i luoghi e i ricordi che continuano a vivere.<br>Dalle Asturie alla Catalogna. Da una costa della Spagna all&#8217;altra. Da cuore a cuore.<\/p>\n\n\n\n<p>Non \u00e8 stata semplicemente l&#8217;apertura di un negozio.<br>Ma un tributo a chi eravamo prima, a chi siamo ora e a chi vogliamo diventare.<br>Per ricordare un evento fondato sulla pace e sull\u2019unit\u00e0, due valori fondamentali che oggi sono pi\u00f9 importanti che mai.<br><br>Ecco perch\u00e9 questo non \u00e8 un negozio come gli altri.<br>L&#8217;ispirazione ci \u00e8 arrivata dalle migliaia di volontari che hanno partecipato ai Giochi Olimpici del &#8217;92.<br>Non vogliamo semplicemente essere a Barcellona.<br>Vogliamo viverla, collaborare e lasciare il segno.<\/p>\n\n\n\n<p><strong><em>Siroko i Barcelona. Sempre en moviment.<br>Siroko e Barcellona. Sempre in movimento.<\/em><\/strong><\/p>\n\n\n\n<div style=\"display: flex; justify-content: center; margin: 2rem 0;\">\n  <iframe \n    src=\"https:\/\/www.google.com\/maps\/embed?pb=!1m18!1m12!1m3!1d2467.311195960074!2d2.1572156729436758!3d41.39380340210778!2m3!1f0!2f0!3f0!3m2!1i1024!2i768!4f13.1!3m3!1m2!1s0x12a4a316a32f8431%3A0xa78e755e9ea5f9b0!2sSiroko!5e0!3m2!1ses!2ses!4v1750679320443!5m2!1ses!2ses\" \n    width=\"100%\" \n    height=\"450\" \n    style=\"border:0; max-width: 600px;\" \n    allowfullscreen=\"\" \n    loading=\"lazy\" \n    referrerpolicy=\"no-referrer-when-downgrade\">\n  <\/iframe>\n<\/div>\n","protected":false},"excerpt":{"rendered":"<p>Il 19 giugno abbiamo aperto le porte del nostro primo negozio a Barcellona e\u2026 non puoi immaginare cosa sia successo al suo interno. Ver esta publicaci\u00f3n en Instagram Pi\u00f9 di una semplice festa.Un vero e proprio tributo.Un tributo a una citt\u00e0 che ci ispira.Un tributo all&#8217;estate olimpica del &#8217;92, un ricordo impresso nella nostra memoria.&hellip;&nbsp;<\/p>\n<div class=\"read-more-wrapper\"><a href=\"https:\/\/www.siroko.com\/blog\/c\/it\/unapertura-indimenticabile-e-finalmente-arrivato-il-primo-negozio-siroko-a-barcellona\/\" class=\"button button-secondary\" rel=\"bookmark\">Leggi di pi\u00f9<span class=\"screen-reader-text\">Un&#8217;apertura indimenticabile: \u00e8 finalmente arrivato il primo negozio Siroko a Barcellona<\/span><\/a><\/div>\n","protected":false},"author":1,"featured_media":59472,"comment_status":"open","ping_status":"open","sticky":false,"template":"","format":"standard","meta":{"neve_meta_sidebar":"","neve_meta_container":"","neve_meta_enable_content_width":"","neve_meta_content_width":0,"neve_meta_title_alignment":"","neve_meta_author_avatar":"","neve_post_elements_order":"","neve_meta_disable_header":"","neve_meta_disable_footer":"","neve_meta_disable_title":"","neve_meta_reading_time":"","_themeisle_gutenberg_block_has_review":false,"footnotes":""},"categories":[596],"tags":[],"class_list":["post-59484","post","type-post","status-publish","format-standard","has-post-thumbnail","hentry","category-siroko"],"_links":{"self":[{"href":"https:\/\/www.siroko.com\/blog\/c\/it\/wp-json\/wp\/v2\/posts\/59484","targetHints":{"allow":["GET"]}}],"collection":[{"href":"https:\/\/www.siroko.com\/blog\/c\/it\/wp-json\/wp\/v2\/posts"}],"about":[{"href":"https:\/\/www.siroko.com\/blog\/c\/it\/wp-json\/wp\/v2\/types\/post"}],"author":[{"embeddable":true,"href":"https:\/\/www.siroko.com\/blog\/c\/it\/wp-json\/wp\/v2\/users\/1"}],"replies":[{"embeddable":true,"href":"https:\/\/www.siroko.com\/blog\/c\/it\/wp-json\/wp\/v2\/comments?post=59484"}],"version-history":[{"count":4,"href":"https:\/\/www.siroko.com\/blog\/c\/it\/wp-json\/wp\/v2\/posts\/59484\/revisions"}],"predecessor-version":[{"id":59544,"href":"https:\/\/www.siroko.com\/blog\/c\/it\/wp-json\/wp\/v2\/posts\/59484\/revisions\/59544"}],"wp:featuredmedia":[{"embeddable":true,"href":"https:\/\/www.siroko.com\/blog\/c\/it\/wp-json\/wp\/v2\/media\/59472"}],"wp:attachment":[{"href":"https:\/\/www.siroko.com\/blog\/c\/it\/wp-json\/wp\/v2\/media?parent=59484"}],"wp:term":[{"taxonomy":"category","embeddable":true,"href":"https:\/\/www.siroko.com\/blog\/c\/it\/wp-json\/wp\/v2\/categories?post=59484"},{"taxonomy":"post_tag","embeddable":true,"href":"https:\/\/www.siroko.com\/blog\/c\/it\/wp-json\/wp\/v2\/tags?post=59484"}],"curies":[{"name":"wp","href":"https:\/\/api.w.org\/{rel}","templated":true}]}}