{"id":47486,"date":"2023-11-03T11:11:23","date_gmt":"2023-11-03T10:11:23","guid":{"rendered":"https:\/\/www.siroko.com\/blog\/c\/discounts-desire-and-delirium-the-history-of-black-friday\/"},"modified":"2023-11-07T10:02:39","modified_gmt":"2023-11-07T09:02:39","slug":"black-friday-goraczka-zakupow-szal-przecen-i-swieto-konsumpcjonizmu-prawdziwa-historia-czarnego-piatku","status":"publish","type":"post","link":"https:\/\/www.siroko.com\/blog\/c\/pl\/black-friday-goraczka-zakupow-szal-przecen-i-swieto-konsumpcjonizmu-prawdziwa-historia-czarnego-piatku\/","title":{"rendered":"Black Friday, gor\u0105czka zakup\u00f3w, sza\u0142 przecen i \u015bwi\u0119to konsumpcjonizmu: prawdziwa historia Czarnego Pi\u0105tku"},"content":{"rendered":"\n<p>Nadchodzi Czarny Pi\u0105tek, wi\u0119c porozmawiajmy troch\u0119 o genezie tego dnia. Wielu kupuj\u0105cych prawdopodobnie nie ma poj\u0119cia, sk\u0105d wzi\u0119\u0142a si\u0119 ca\u0142a ta wrzawa zwi\u0105zana z okazjami, sza\u0142em wyprzeda\u017cy i nieko\u0144cz\u0105cymi si\u0119 promocjami. Przyjrzyjmy si\u0119 nieco bli\u017cej Franklinowi D. Rooseveltowi i temu, co ma on wsp\u00f3lnego z ca\u0142ym tym wydarzeniem. Prawdziwa historia Czarnego Pi\u0105tku i postaci z nim zwi\u0105zanych z pewno\u015bci\u0105 Ci\u0119 zaskoczy.<\/p>\n\n\n\n<p>Cofnijmy si\u0119 teraz w czasie a\u017c do XIX wieku. Mo\u017cna pomy\u015ble\u0107, \u017ce Czarny Pi\u0105tek ma swoje korzenie w wyprzeda\u017cach po \u015awi\u0119cie Dzi\u0119kczynienia, maj\u0105cych na celu pozbywanie si\u0119 zapas\u00f3w magazynowych przed Bo\u017cym Narodzeniem. Jednak pierwsze u\u017cycie tego terminu ma ciemniejsz\u0105 (lub ja\u015bniejsz\u0105, w zale\u017cno\u015bci od tego, jak na to spojrze\u0107) stron\u0119, zwi\u0105zan\u0105 ze spekulacjami z\u0142otem i <a href=\"https:\/\/en.wikipedia.org\/wiki\/Black_Friday_(1869)\" target=\"_blank\" rel=\"noreferrer noopener nofollow\">kryzysem finansowym, kt\u00f3ry wybuch\u0142 w pi\u0105tek 24 wrze\u015bnia 1869 roku<\/a> w USA. A rok 1869 raczej nie kojarzy nam si\u0119 z kolejkami pod centrami handlowymi i przepychankami o przeceniony telewizor plazmowy.<\/p>\n\n\n<div class=\"wp-block-image\">\n<figure class=\"aligncenter size-large\"><img decoding=\"async\" width=\"1276\" height=\"666\" src=\"https:\/\/www.siroko.com\/blog\/c\/app\/uploads\/2023\/10\/Screenshot-27-1276x666.png\" alt=\"\" class=\"wp-image-47408\" title=\"\" srcset=\"https:\/\/www.siroko.com\/blog\/c\/app\/uploads\/2023\/10\/Screenshot-27-1276x666.png 1276w, https:\/\/www.siroko.com\/blog\/c\/app\/uploads\/2023\/10\/Screenshot-27-640x334.png 640w, https:\/\/www.siroko.com\/blog\/c\/app\/uploads\/2023\/10\/Screenshot-27-768x401.png 768w, https:\/\/www.siroko.com\/blog\/c\/app\/uploads\/2023\/10\/Screenshot-27.png 1440w\" sizes=\"(max-width: 1276px) 100vw, 1276px\" \/><\/figure>\n<\/div>\n\n\n<p>Termin &#8220;Czarny Pi\u0105tek&#8221; zosta\u0142 tak\u017ce u\u017cyty w zupe\u0142nie innym kontek\u015bcie przez policj\u0119 w Filadelfii i Rochester w latach 60-tych, aby opisa\u0107 chaos w\u015br\u00f3d samochodow\u00f3w i pieszych, kt\u00f3ry mia\u0142 miejsce dzie\u0144 po \u015awi\u0119cie Dzi\u0119kczynienia z powodu pierwszego dnia \u015bwi\u0105tecznych zakup\u00f3w i <a href=\"https:\/\/en.wikipedia.org\/wiki\/Army%E2%80%93Navy_Game\" target=\"_blank\" rel=\"noreferrer noopener nofollow\">meczu futbolu ameryka\u0144skiego Army-Navy<\/a>. My\u015bl\u0119, \u017ce \u00f3wcze\u015bni policjanci nie mogli nawet sobie wyobrazi\u0107 tego, co nast\u0105pi\u0142o p\u00f3\u017aniej. Jak nazwaliby tych szalonych klient\u00f3w przepychaj\u0105cych si\u0119 w kolejkach, gotowych walczy\u0107 o 10% zni\u017cki na laptopa? Szalony pi\u0105tek?<\/p>\n\n\n\n<p>Zwyczaj rozpoczynania okresu intensywnych zakup\u00f3w w tych konkretnych dniach si\u0119ga pocz\u0105tk\u00f3w XX wieku i dom\u00f3w towarowych, takich jak Eaton&#8217;s czy Macy&#8217;s, sponsoruj\u0105cych parad\u0119 \u015awi\u0119tego Miko\u0142aja w \u015awi\u0119to Dzi\u0119kczynienia. Bo\u017ce Narodzenie by\u0142o tu\u017c za rogiem, a oni m\u00f3wili Miko\u0142ajowi, gdzie wys\u0142a\u0107 elfy na zakupy.<\/p>\n\n\n\n<figure class=\"wp-block-embed is-provider-youtube wp-block-embed-youtube\"><div class=\"wp-block-embed__wrapper\">\n<div class=\"nv-iframe-embed\"><iframe loading=\"lazy\" title=\"The History Of Macy&#039;s Thanksgiving Day Parade | Business Insider\" width=\"1200\" height=\"675\" src=\"https:\/\/www.youtube.com\/embed\/gpPeeUtN5Sc?feature=oembed\" frameborder=\"0\" allow=\"accelerometer; autoplay; clipboard-write; encrypted-media; gyroscope; picture-in-picture; web-share\" allowfullscreen><\/iframe><\/div>\n<\/div><\/figure>\n\n\n\n<p><br>Termin zacz\u0105\u0142 si\u0119 przyjmowa\u0107, nie tylko w\u015br\u00f3d policji, ale przede wszystkim w mediach i sklepach. Dla wielu biznes\u00f3w by\u0142 to dzie\u0144 rekordowych obrot\u00f3w i podbijania zysk\u00f3w pod koniec roku. Wyniki zaczyna\u0142y si\u0119 zgadza\u0107.<\/p>\n\n\n\n<p>M\u00f3wi\u0105c o wynikach, przyjrzyjmy si\u0119 tym najnowszym. W 2022 roku Black Friday pobi\u0142 sw\u00f3j w\u0142asny rekord w USA. Kupuj\u0105cy wydali 9,12 miliarda dolar\u00f3w, <a href=\"https:\/\/business.adobe.com\/resources\/holiday-shopping-report.html\" rel=\"nofollow noopener\" target=\"_blank\">wed\u0142ug Adobe Analytics<\/a>. Wszystko to bez kolejek, przepychanek i bitew. <a href=\"https:\/\/www.driveresearch.com\/market-research-company-blog\/black-friday-holiday-shopping-statistics\" target=\"_blank\" rel=\"noreferrer noopener nofollow\">W 2022 r. tylko 32% ankietowanych w USA zamierza\u0142o zrobi\u0107 zakupy osobi\u015bcie<\/a>. To o 9% mniej ni\u017c w 2021 roku. Pandemia COVID-19 przyspieszy\u0142a decyzj\u0119 konsument\u00f3w o przej\u015bciu na zakupy online. Trend ten zapocz\u0105tkowa\u0142 w 2005 roku Cyber Monday, kt\u00f3ry odni\u00f3s\u0142 wi\u0119kszy sukces ni\u017c sam Black Friday, z 11,3 miliardami dolar\u00f3w wydanymi w USA w 2022 roku na to \u015bwi\u0119to zakup\u00f3w online. Nieko\u0144cz\u0105ce si\u0119 kolejki i ludzie koczuj\u0105cy przed centrami handlowymi, aby z\u0142apa\u0107 najlepsze oferty, staj\u0105 si\u0119 przesz\u0142o\u015bci\u0105.\u00a0<\/p>\n\n\n\n<p>Podobnie jak sceny ludzi walcz\u0105cych ze sob\u0105 podczas wyprzeda\u017cy. <a href=\"https:\/\/bc.ctvnews.ca\/shirtless-man-uses-belt-as-a-whip-outside-vancouver-black-friday-sale-1.3179008\" target=\"_blank\" rel=\"noreferrer noopener nofollow\">We\u017amy na przyk\u0142ad tego faceta w Vancouver, kt\u00f3ry poczu\u0142 si\u0119 jak Indiana Jones i u\u017cy\u0142 paska jako bicza<\/a> przy wej\u015bciu do sklepu Adidas. S\u0105dz\u0105c po sposobie, w jaki zosta\u0142o to przedstawione w prasie, zjawisko to powoli stawa\u0142o si\u0119 kolejn\u0105 \u015bwi\u0105teczn\u0105 tradycj\u0105. Hej, oto Czarny Pi\u0105tek, czas na b\u00f3jki, interwencje policji i aresztowania z u\u017cyciem paralizator\u00f3w&#8230; Weso\u0142ych \u015bwi\u0105t, Ameryko!<\/p>\n\n\n\n<figure class=\"wp-block-embed is-provider-youtube wp-block-embed-youtube\"><div class=\"wp-block-embed__wrapper\">\n<div class=\"nv-iframe-embed\"><iframe loading=\"lazy\" title=\"Caught on Tape: Violent Black Friday Shopping Brawls\" width=\"1200\" height=\"675\" src=\"https:\/\/www.youtube.com\/embed\/ol6KWGMskCw?feature=oembed\" frameborder=\"0\" allow=\"accelerometer; autoplay; clipboard-write; encrypted-media; gyroscope; picture-in-picture; web-share\" allowfullscreen><\/iframe><\/div>\n<\/div><\/figure>\n\n\n\n<p><br>I oto jeste\u015bmy w czasach, kiedy Black Friday, jak na ironi\u0119, sta\u0142 si\u0119 swoj\u0105 internetow\u0105 wersj\u0105, kt\u00f3ra rozci\u0105ga si\u0119 na d\u0142ugo przed i po \u015awi\u0119cie Dzi\u0119kczynienia. Maj\u0105c tak wiele informacji i ofert na wyci\u0105gni\u0119cie r\u0119ki, \u0142atwo zapomnie\u0107, sk\u0105d to wszystko si\u0119 wzi\u0119\u0142o. Niekt\u00f3rzy powiedzieliby, \u017ce to po prostu dzie\u0144 zakup\u00f3w i dobrych okazji. Ale dla innych to zjawisko kulturowe, odzwierciedlenie naszego spo\u0142ecze\u0144stwa i tego, jak konsumpcjonizm ukszta\u0142towa\u0142 nasze tradycje i \u015bwi\u0119ta.\u00a0<\/p>\n\n\n\n<p>Warto pami\u0119ta\u0107, jaki to czas w roku i co oznacza\u0142 on jeszcze niedawno. Doce\u0144my to, co ju\u017c mamy. Wykorzystajmy m\u0105drze nasze oszcz\u0119dno\u015bci. I nie zapomnijmy podzieli\u0107 si\u0119 u\u015bmiechem i podzi\u0119kowa\u0107 tym, kt\u00f3rzy, sprawiaj\u0105, \u017ce ten dzie\u0144\/tydzie\u0144\/miesi\u0105c ma miejsce. Pomy\u015bl o projektantach, tw\u00f3rcach produkt\u00f3w i marketingowcach, kt\u00f3rzy pracowali miesi\u0105cami, aby spe\u0142ni\u0107 Twoje \u017cyczenia; pomy\u015bl o kurierze, kt\u00f3ry zostawia paczk\u0119 pod Twoimi drzwiami lub sprzedawcach w sklepach; nie zapominaj o tych wszystkich pracowitych elfach, kt\u00f3re upewniaj\u0105 si\u0119, \u017ce otrzymasz swoje zam\u00f3wienia na czas i w doskona\u0142ym stanie.<\/p>\n","protected":false},"excerpt":{"rendered":"<p>Nadchodzi Czarny Pi\u0105tek, wi\u0119c porozmawiajmy troch\u0119 o genezie tego dnia. Wielu kupuj\u0105cych prawdopodobnie nie ma poj\u0119cia, sk\u0105d wzi\u0119\u0142a si\u0119 ca\u0142a ta wrzawa zwi\u0105zana z okazjami, sza\u0142em wyprzeda\u017cy i nieko\u0144cz\u0105cymi si\u0119 promocjami. Przyjrzyjmy si\u0119 nieco bli\u017cej Franklinowi D. Rooseveltowi i temu, co ma on wsp\u00f3lnego z ca\u0142ym tym wydarzeniem. Prawdziwa historia Czarnego Pi\u0105tku i postaci z&hellip;&nbsp;<\/p>\n<div class=\"read-more-wrapper\"><a href=\"https:\/\/www.siroko.com\/blog\/c\/pl\/black-friday-goraczka-zakupow-szal-przecen-i-swieto-konsumpcjonizmu-prawdziwa-historia-czarnego-piatku\/\" class=\"button button-secondary\" rel=\"bookmark\">Czytaj dalej<span class=\"screen-reader-text\">Black Friday, gor\u0105czka zakup\u00f3w, sza\u0142 przecen i \u015bwi\u0119to konsumpcjonizmu: prawdziwa historia Czarnego Pi\u0105tku<\/span><\/a><\/div>\n","protected":false},"author":1,"featured_media":47463,"comment_status":"open","ping_status":"open","sticky":false,"template":"","format":"standard","meta":{"neve_meta_sidebar":"","neve_meta_container":"","neve_meta_enable_content_width":"","neve_meta_content_width":0,"neve_meta_title_alignment":"","neve_meta_author_avatar":"","neve_post_elements_order":"","neve_meta_disable_header":"","neve_meta_disable_footer":"","neve_meta_disable_title":"","neve_meta_reading_time":"","_themeisle_gutenberg_block_has_review":false,"footnotes":""},"categories":[25],"tags":[],"class_list":["post-47486","post","type-post","status-publish","format-standard","has-post-thumbnail","hentry","category-bez-kategorii"],"_links":{"self":[{"href":"https:\/\/www.siroko.com\/blog\/c\/pl\/wp-json\/wp\/v2\/posts\/47486","targetHints":{"allow":["GET"]}}],"collection":[{"href":"https:\/\/www.siroko.com\/blog\/c\/pl\/wp-json\/wp\/v2\/posts"}],"about":[{"href":"https:\/\/www.siroko.com\/blog\/c\/pl\/wp-json\/wp\/v2\/types\/post"}],"author":[{"embeddable":true,"href":"https:\/\/www.siroko.com\/blog\/c\/pl\/wp-json\/wp\/v2\/users\/1"}],"replies":[{"embeddable":true,"href":"https:\/\/www.siroko.com\/blog\/c\/pl\/wp-json\/wp\/v2\/comments?post=47486"}],"version-history":[{"count":2,"href":"https:\/\/www.siroko.com\/blog\/c\/pl\/wp-json\/wp\/v2\/posts\/47486\/revisions"}],"predecessor-version":[{"id":47494,"href":"https:\/\/www.siroko.com\/blog\/c\/pl\/wp-json\/wp\/v2\/posts\/47486\/revisions\/47494"}],"wp:featuredmedia":[{"embeddable":true,"href":"https:\/\/www.siroko.com\/blog\/c\/pl\/wp-json\/wp\/v2\/media\/47463"}],"wp:attachment":[{"href":"https:\/\/www.siroko.com\/blog\/c\/pl\/wp-json\/wp\/v2\/media?parent=47486"}],"wp:term":[{"taxonomy":"category","embeddable":true,"href":"https:\/\/www.siroko.com\/blog\/c\/pl\/wp-json\/wp\/v2\/categories?post=47486"},{"taxonomy":"post_tag","embeddable":true,"href":"https:\/\/www.siroko.com\/blog\/c\/pl\/wp-json\/wp\/v2\/tags?post=47486"}],"curies":[{"name":"wp","href":"https:\/\/api.w.org\/{rel}","templated":true}]}}