{"id":59485,"date":"2025-06-30T10:30:00","date_gmt":"2025-06-30T08:30:00","guid":{"rendered":"https:\/\/www.siroko.com\/blog\/c\/?p=59485"},"modified":"2025-06-30T10:26:24","modified_gmt":"2025-06-30T08:26:24","slug":"niezapomniane-otwarcie-pierwszy-sklep-siroko-w-barcelonie-to-poczatek-czegos-wyjatkowego","status":"publish","type":"post","link":"https:\/\/www.siroko.com\/blog\/c\/pl\/niezapomniane-otwarcie-pierwszy-sklep-siroko-w-barcelonie-to-poczatek-czegos-wyjatkowego\/","title":{"rendered":"Niezapomniane otwarcie: pierwszy sklep Siroko w Barcelonie to pocz\u0105tek czego\u015b wyj\u0105tkowego"},"content":{"rendered":"\n<p>19 czerwca otworzyli\u015bmy drzwi naszego pierwszego sklepu w Barcelonie i\u2026 to, co dzia\u0142o si\u0119 tego dnia, przesz\u0142o nasze naj\u015bmielsze oczekiwania.<\/p>\n\n\n\n<div style=\"display: flex; justify-content: center; margin: 2rem 0;\">\n  <blockquote class=\"instagram-media\" \n              data-instgrm-permalink=\"https:\/\/www.instagram.com\/reel\/DLb5VKRiTcz\/\" \n              data-instgrm-version=\"14\" \n              style=\"background:#FFF; border:0; max-width:540px; width:100%;\">\n    <div style=\"padding:16px;\">\n      <a href=\"https:\/\/www.instagram.com\/reel\/DLb5VKRiTcz\/?utm_source=ig_embed&amp;utm_campaign=loading\" target=\"_blank\" style=\"color:#000; font-family:Arial,sans-serif; font-size:14px; font-style:normal; font-weight:550; line-height:17px; text-decoration:none; word-wrap:break-word;\" rel=\"noopener nofollow\">\n        Ver esta publicaci\u00f3n en Instagram\n      <\/a>\n    <\/div>\n  <\/blockquote>\n<\/div>\n<script async defer src=\"\/\/www.instagram.com\/embed.js\"><\/script>\n\n\n\n<p>To nie by\u0142a zwyk\u0142a impreza.<\/p>\n\n\n\n<p>To by\u0142 ho\u0142d.<\/p>\n\n\n\n<p>Ho\u0142d dla miasta, kt\u00f3re nas inspiruje.<\/p>\n\n\n\n<p>Ho\u0142d dla olimpijskiego lata \u201992 i emocji, kt\u00f3re wci\u0105\u017c w nas \u017cyj\u0105.<\/p>\n\n\n\n<p>Zacz\u0119li\u015bmy od quizu o Barcelonie &#8217;92.<\/p>\n\n\n\n<p>Pierwsi, kt\u00f3rzy trafnie odpowiedzieli na pytania, zgarn\u0119li limitowane koszulki, a ka\u017cdy, kto wpad\u0142 do nas z wizyt\u0105, wyszed\u0142 z prezentem.<\/p>\n\n\n\n<p>Ale przede wszystkim w naszych sercach wybrzmia\u0142y te s\u0142owa:<\/p>\n\n\n\n<p><strong><em>Siroko i Barcelona. Amics per sempre.<\/em><\/strong><em><br><\/em><strong><em>Siroko i Barcelona. Przyjaciele na zawsze.<\/em><\/strong><\/p>\n\n\n\n<p>A potem przestrze\u0144 wype\u0142ni\u0142a muzyka:<\/p>\n\n\n\n<p>Lokalne talenty wyst\u0105pi\u0142y na \u017cywo: The Tyets zarazili nas swoj\u0105 m\u0142odzie\u0144cz\u0105 energi\u0105, a El Legado de Peret przenie\u015bli z powrotem do roku \u201992. Nogi same rwa\u0142y si\u0119 do ta\u0144ca.<\/p>\n\n\n\n<p>Do tego cydr i przek\u0105ski z Asturii na p\u00f3\u0142nocnym wybrze\u017cu Hiszpanii na dobry pocz\u0105tek tej nowej przygody.<\/p>\n\n\n\n<p>I gdzie\u015b mi\u0119dzy konkursami, prezentami i zabaw\u0105 zrozumieli\u015bmy jedno:<\/p>\n\n\n\n<p><strong>Siroko to wi\u0119cej ni\u017c rozw\u00f3j. To si\u0142a, kt\u00f3ra \u0142\u0105czy.<\/strong><\/p>\n\n\n\n<p>\u0141\u0105czy ludzi, miejsca i wspomnienia, kt\u00f3re s\u0105 wci\u0105\u017c \u017cywe.<\/p>\n\n\n\n<p>Z Asturii do Katalonii. Z wybrze\u017ca na wybrze\u017ce. Z serca do serca.<\/p>\n\n\n\n<p>To nie by\u0142o zwyk\u0142e otwarcie sklepu.<\/p>\n\n\n\n<p>To by\u0142 ho\u0142d dla tego, kim byli\u015bmy, kim jeste\u015bmy teraz i kim chcemy si\u0119 sta\u0107.<\/p>\n\n\n\n<p>To by\u0142o przypomnienie o wydarzeniu zakorzenionym w pokoju i jedno\u015bci, warto\u015bciach, kt\u00f3re dzi\u015b licz\u0105 si\u0119 bardziej ni\u017c kiedykolwiek.<\/p>\n\n\n\n<p>To miejsce to co\u015b wi\u0119cej ni\u017c sklep.<br>Inspiracj\u0105 byli dla nas wolontariusze, kt\u00f3rzy w \u201992 pokazali, jak wiele znaczy wsp\u00f3lne dzia\u0142anie.<br>My te\u017c chcemy co\u015b zostawi\u0107 po sobie.<\/p>\n\n\n\n<p><strong><em>Siroko i Barcelona. Sempre en moviment.<\/em><\/strong><em><br><\/em><strong><em>Siroko i Barcelona. Zawsze w ruchu.<\/em><\/strong><\/p>\n\n\n\n<div style=\"display: flex; justify-content: center; margin: 2rem 0;\">\n  <iframe \n    src=\"https:\/\/www.google.com\/maps\/embed?pb=!1m18!1m12!1m3!1d2467.311195960074!2d2.1572156729436758!3d41.39380340210778!2m3!1f0!2f0!3f0!3m2!1i1024!2i768!4f13.1!3m3!1m2!1s0x12a4a316a32f8431%3A0xa78e755e9ea5f9b0!2sSiroko!5e0!3m2!1ses!2ses!4v1750679320443!5m2!1ses!2ses\" \n    width=\"100%\" \n    height=\"450\" \n    style=\"border:0; max-width: 600px;\" \n    allowfullscreen=\"\" \n    loading=\"lazy\" \n    referrerpolicy=\"no-referrer-when-downgrade\">\n  <\/iframe>\n<\/div>\n","protected":false},"excerpt":{"rendered":"<p>19 czerwca otworzyli\u015bmy drzwi naszego pierwszego sklepu w Barcelonie i\u2026 to, co dzia\u0142o si\u0119 tego dnia, przesz\u0142o nasze naj\u015bmielsze oczekiwania. Ver esta publicaci\u00f3n en Instagram To nie by\u0142a zwyk\u0142a impreza. To by\u0142 ho\u0142d. Ho\u0142d dla miasta, kt\u00f3re nas inspiruje. Ho\u0142d dla olimpijskiego lata \u201992 i emocji, kt\u00f3re wci\u0105\u017c w nas \u017cyj\u0105. Zacz\u0119li\u015bmy od quizu o&hellip;&nbsp;<\/p>\n<div class=\"read-more-wrapper\"><a href=\"https:\/\/www.siroko.com\/blog\/c\/pl\/niezapomniane-otwarcie-pierwszy-sklep-siroko-w-barcelonie-to-poczatek-czegos-wyjatkowego\/\" class=\"button button-secondary\" rel=\"bookmark\">Czytaj dalej<span class=\"screen-reader-text\">Niezapomniane otwarcie: pierwszy sklep Siroko w Barcelonie to pocz\u0105tek czego\u015b wyj\u0105tkowego<\/span><\/a><\/div>\n","protected":false},"author":1,"featured_media":59474,"comment_status":"open","ping_status":"open","sticky":false,"template":"","format":"standard","meta":{"neve_meta_sidebar":"","neve_meta_container":"","neve_meta_enable_content_width":"","neve_meta_content_width":0,"neve_meta_title_alignment":"","neve_meta_author_avatar":"","neve_post_elements_order":"","neve_meta_disable_header":"","neve_meta_disable_footer":"","neve_meta_disable_title":"","neve_meta_reading_time":"","_themeisle_gutenberg_block_has_review":false,"footnotes":""},"categories":[597],"tags":[],"class_list":["post-59485","post","type-post","status-publish","format-standard","has-post-thumbnail","hentry","category-siroko"],"_links":{"self":[{"href":"https:\/\/www.siroko.com\/blog\/c\/pl\/wp-json\/wp\/v2\/posts\/59485","targetHints":{"allow":["GET"]}}],"collection":[{"href":"https:\/\/www.siroko.com\/blog\/c\/pl\/wp-json\/wp\/v2\/posts"}],"about":[{"href":"https:\/\/www.siroko.com\/blog\/c\/pl\/wp-json\/wp\/v2\/types\/post"}],"author":[{"embeddable":true,"href":"https:\/\/www.siroko.com\/blog\/c\/pl\/wp-json\/wp\/v2\/users\/1"}],"replies":[{"embeddable":true,"href":"https:\/\/www.siroko.com\/blog\/c\/pl\/wp-json\/wp\/v2\/comments?post=59485"}],"version-history":[{"count":4,"href":"https:\/\/www.siroko.com\/blog\/c\/pl\/wp-json\/wp\/v2\/posts\/59485\/revisions"}],"predecessor-version":[{"id":59546,"href":"https:\/\/www.siroko.com\/blog\/c\/pl\/wp-json\/wp\/v2\/posts\/59485\/revisions\/59546"}],"wp:featuredmedia":[{"embeddable":true,"href":"https:\/\/www.siroko.com\/blog\/c\/pl\/wp-json\/wp\/v2\/media\/59474"}],"wp:attachment":[{"href":"https:\/\/www.siroko.com\/blog\/c\/pl\/wp-json\/wp\/v2\/media?parent=59485"}],"wp:term":[{"taxonomy":"category","embeddable":true,"href":"https:\/\/www.siroko.com\/blog\/c\/pl\/wp-json\/wp\/v2\/categories?post=59485"},{"taxonomy":"post_tag","embeddable":true,"href":"https:\/\/www.siroko.com\/blog\/c\/pl\/wp-json\/wp\/v2\/tags?post=59485"}],"curies":[{"name":"wp","href":"https:\/\/api.w.org\/{rel}","templated":true}]}}