{"id":61424,"date":"2026-04-26T08:51:31","date_gmt":"2026-04-26T06:51:31","guid":{"rendered":"https:\/\/www.siroko.com\/blog\/c\/?p=61424"},"modified":"2026-04-21T09:20:45","modified_gmt":"2026-04-21T07:20:45","slug":"guide-to-understanding-professional-road-cycling-the-racing-calendar","status":"publish","type":"post","link":"https:\/\/www.siroko.com\/blog\/c\/guide-to-understanding-professional-road-cycling-the-racing-calendar\/","title":{"rendered":"Guide to Understanding Professional Road Cycling: the Racing Calendar"},"content":{"rendered":"\n<p>Pro cycling doesn\u2019t follow a steady rhythm throughout the year. The season is built around a packed calendar with different types of races, shifting objectives, and specific peaks for each team and rider. If you\u2019re coming from other sports, it can feel like a 10-month puzzle. It takes time to understand, but once you do, it becomes clear why some riders dominate at certain moments and barely appear at others. They\u2019re not taking time off, they\u2019re either preparing for key targets or recovering after them.<\/p>\n\n\n\n<h2 class=\"wp-block-heading\"><strong>When does the cycling season start?<\/strong><\/h2>\n\n\n\n<p>Officially, the season kicks off in mid-January with the Santos Tour Down Under in Australia. But for many fans, the real start comes with the Belgian \u201cOpening Weekend,\u201d which includes Omloop Het Nieuwsblad (WorldTour) and Kuurne\u2013Brussel\u2013Kuurne (ProSeries).<\/p>\n\n\n\n<h2 class=\"wp-block-heading\"><strong>When does the season end?<\/strong><\/h2>\n\n\n\n<p>On paper, the season runs into mid-October, with races in China, France, and Italy. But for purists, things effectively wrap up after Il Lombardia.<\/p>\n\n\n<div class=\"wp-block-image\">\n<figure class=\"aligncenter size-full\"><img decoding=\"async\" width=\"1200\" height=\"798\" src=\"https:\/\/www.siroko.com\/blog\/c\/app\/uploads\/2026\/04\/Rodriquez.jpg\" alt=\"\" class=\"wp-image-61427\" title=\"\" srcset=\"https:\/\/www.siroko.com\/blog\/c\/app\/uploads\/2026\/04\/Rodriquez.jpg 1200w, https:\/\/www.siroko.com\/blog\/c\/app\/uploads\/2026\/04\/Rodriquez-640x426.jpg 640w, https:\/\/www.siroko.com\/blog\/c\/app\/uploads\/2026\/04\/Rodriquez-768x511.jpg 768w\" sizes=\"(max-width: 1200px) 100vw, 1200px\" \/><\/figure>\n<\/div>\n\n\n<h2 class=\"wp-block-heading\"><strong>How is the pro cycling calendar structured?<\/strong><\/h2>\n\n\n\n<p>The calendar is built around three main types of races, spread across the season:<\/p>\n\n\n\n<ul class=\"wp-block-list\">\n<li><strong>One-day races and Classics<\/strong>: High-intensity races where tactics and experience matter just as much as strength. Examples include the Tour of Flanders, Paris\u2013Roubaix, Li\u00e8ge\u2013Bastogne\u2013Li\u00e8ge, and Milan\u2013San Remo. These suit classics specialists, puncheurs, and versatile sprinters, but depending on the course, climbers and rouleurs can also be competitive.<\/li>\n\n\n\n<li><strong>Stage races<\/strong>: These last from two to seven days. Depending on the terrain, they may favor sprinters, classics riders or GC contenders. Beyond results and points, they\u2019re also key preparation for bigger targets. Examples include Itzulia Basque Country, Tirreno\u2013Adriatico, Crit\u00e9rium du Dauphin\u00e9 (now known as Tour Auvergne\u2013Rh\u00f4ne-Alpes), and Tour de Suisse.<\/li>\n\n\n\n<li><strong>Grand Tours<\/strong>: The biggest races on the calendar, lasting three weeks and combining mountains, time trials, and flat stages. In order, they are the Giro d\u2019Italia, the Tour de France, and the Vuelta a Espa\u00f1a. This is where overall contenders peak and where teams focus their most ambitious goals, especially at the Tour.<\/li>\n<\/ul>\n\n\n\n<p>These examples are from the WorldTour calendar, but outside the Grand Tours, racing runs across multiple levels throughout the season, including ProSeries and Continental circuits (Europe, Africa, Asia, the Americas, and Oceania).<\/p>\n\n\n\n<p>It\u2019s common for races to overlap, with multiple events happening on the same day. That\u2019s why teams carry large rosters (around 30 riders) and the structure to race in two or even three events at once, depending on their resources.<\/p>\n\n\n\n<h2 class=\"wp-block-heading\"><strong>Which races matter most?<\/strong><\/h2>\n\n\n\n<p>It depends on who you ask.<\/p>\n\n\n\n<p>From the Union Cycliste Internationale perspective, the <a href=\"https:\/\/www.procyclingstats.com\/races.php?s=&amp;year=2026&amp;circuit=1&amp;class=&amp;filter=Filter\" target=\"_blank\" rel=\"noreferrer noopener nofollow\">WorldTour calendar<\/a> highlights the most important races and those offering the most points: the three Grand Tours, the five Monuments, major stage races, and key one-day events. That said, not every WorldTour race carries the same prestige as some newer events haven\u2019t built the same history or reputation.<\/p>\n\n\n<div class=\"wp-block-image\">\n<figure class=\"aligncenter size-full\"><img decoding=\"async\" width=\"893\" height=\"851\" src=\"https:\/\/www.siroko.com\/blog\/c\/app\/uploads\/2026\/04\/image.png\" alt=\"\" class=\"wp-image-61425\" title=\"\" srcset=\"https:\/\/www.siroko.com\/blog\/c\/app\/uploads\/2026\/04\/image.png 893w, https:\/\/www.siroko.com\/blog\/c\/app\/uploads\/2026\/04\/image-640x610.png 640w, https:\/\/www.siroko.com\/blog\/c\/app\/uploads\/2026\/04\/image-768x732.png 768w\" sizes=\"(max-width: 893px) 100vw, 893px\" \/><\/figure>\n<\/div>\n\n\n<p>At the same time, some non-WorldTour races still hold significant status. Kuurne\u2013Brussel\u2013Kuurne, for example, is part of Opening Weekend and widely respected, even as a <a href=\"https:\/\/www.procyclingstats.com\/races.php?s=&amp;year=2026&amp;circuit=26&amp;class=&amp;filter=Filter\" target=\"_blank\" rel=\"noreferrer noopener nofollow\">ProSeries race<\/a>. The same goes for events like Paris\u2013Tours or the Vuelta a Burgos.<\/p>\n\n\n\n<p>If you\u2019re into Grand Tours and GC battles, the Giro d\u2019Italia, Tour de France, and Vuelta a Espa\u00f1a are essential viewing, along with key prep races like Paris\u2013Nice, Tirreno\u2013Adriatico, Volta a Catalunya, Itzulia Basque Country, and Crit\u00e9rium du Dauphin\u00e9.<\/p>\n\n\n\n<p>If you want to see riders like Tadej Poga\u010dar or Mathieu van der Poel at their most aggressive, focus on the biggest one-day races: Strade Bianche, Milan\u2013San Remo, Tour of Flanders, Paris\u2013Roubaix, Li\u00e8ge\u2013Bastogne\u2013Li\u00e8ge, and Il Lombardia.<\/p>\n\n\n\n<p>For fans of the Classics, beyond Opening Weekend, races like E3 Saxo Classic, La Fl\u00e8che Wallonne, Amstel Gold Race, and Cl\u00e1sica de San Sebasti\u00e1n are key dates on the calendar.<\/p>\n\n\n\n<h2 class=\"wp-block-heading\"><strong>How do riders and teams plan their season?<\/strong><\/h2>\n\n\n\n<p>A pro rider doesn\u2019t race everything on the calendar. Their schedule is mapped out months in advance around a few main targets: one or two Grand Tours, specific Classics, or blocks of races at certain points in the season.<\/p>\n\n\n\n<p>Teams start by defining their priorities: which races matter most for results, sponsors, and UCI points, and which riders are best suited to each event. From there, they work with their key riders to build a calendar tailored to both individual strengths and team goals.<\/p>\n\n\n\n<p>Not all teams operate the same way. A top-tier team like UAE Team Emirates might aim to win across the calendar, while smaller teams may focus on targeting specific races or accumulating enough points to secure future invitations.<\/p>\n\n\n\n<p>Once goals are set, preparation is built around reaching peak form at the right time. The season is structured in blocks:<\/p>\n\n\n\n<ul class=\"wp-block-list\">\n<li><strong>Training<\/strong>: Much of it is done individually, but teams also organize training camps. Early-season camps often take place in Spain or Mallorca, while altitude camps later in the year (Andorra, Tenerife, the Alps) help fine-tune performance. Even within a team, training plans are highly individualized.<\/li>\n\n\n\n<li><strong>Build-up races<\/strong>: Used to gain race fitness and rhythm. Traditionally, riders used lower-tier races to build form, but that approach has evolved. Today, most riders line up ready to compete from day one, thanks to advances in training, nutrition, and data.<\/li>\n\n\n\n<li><strong>Target races<\/strong>: The main objectives of the season, where riders aim to be at peak condition. Modern training methods now allow riders to hold a high level for longer periods, rather than peaking just once or twice a year.<\/li>\n\n\n\n<li><strong>Recovery periods<\/strong>: Just as important as racing. These include short breaks off the bike and longer phases of active recovery, where riders keep training but at lower intensity.<\/li>\n<\/ul>\n\n\n\n<p>Rider type also shapes the calendar. Sprinters focus on flat races and stages, climbers target mountainous terrain, and classics specialists build their season around key one-day races. That\u2019s why two riders on the same team can have completely different seasons.<\/p>\n\n\n\n<figure class=\"wp-block-embed is-provider-youtube wp-block-embed-youtube\"><div class=\"wp-block-embed__wrapper\">\n<div class=\"nv-iframe-embed\"><iframe loading=\"lazy\" title=\"Everything You Need to Know About Altitude Training. The Science\" width=\"1200\" height=\"675\" src=\"https:\/\/www.youtube.com\/embed\/Zi8o4Z9Mc60?feature=oembed\" frameborder=\"0\" allow=\"accelerometer; autoplay; clipboard-write; encrypted-media; gyroscope; picture-in-picture; web-share\" referrerpolicy=\"strict-origin-when-cross-origin\" allowfullscreen><\/iframe><\/div>\n<\/div><\/figure>\n\n\n\n<p><br>Plans also evolve. Strong performances can open new opportunities, while fatigue or injury can force changes. Over such a long season, managing effort is key to performing when it matters most.<\/p>\n\n\n\n<p>In short, the cycling calendar is a long-term strategy. Every training block and race is carefully planned, with each effort contributing to a rider\u2019s overall performance across the season.<\/p>\n\n\n\n<h2 class=\"wp-block-heading\"><strong>What\u2019s next?<\/strong><\/h2>\n\n\n\n<p>Now that you know how the season works and what each race means, it\u2019s time to focus on cycling\u2019s biggest event: the Tour de France. In the next post, we\u2019ll take a closer look at how stages are designed, how teams execute their strategies, which riders make the difference, and how races are won, whether through sprint trains, breakaways, or mountain attacks. This is where everything is on the line, and where every rider wants to perform.<\/p>\n","protected":false},"excerpt":{"rendered":"<p>Pro cycling doesn\u2019t follow a steady rhythm throughout the year. The season is built around a packed calendar with different types of races, shifting objectives, and specific peaks for each team and rider. If you\u2019re coming from other sports, it can feel like a 10-month puzzle. It takes time to understand, but once you do,&hellip;&nbsp;<\/p>\n<div class=\"read-more-wrapper\"><a href=\"https:\/\/www.siroko.com\/blog\/c\/guide-to-understanding-professional-road-cycling-the-racing-calendar\/\" class=\"button button-secondary\" rel=\"bookmark\">Read more<span class=\"screen-reader-text\">Guide to Understanding Professional Road Cycling: the Racing Calendar<\/span><\/a><\/div>\n","protected":false},"author":1,"featured_media":61426,"comment_status":"open","ping_status":"open","sticky":false,"template":"","format":"standard","meta":{"neve_meta_sidebar":"","neve_meta_container":"","neve_meta_enable_content_width":"","neve_meta_content_width":0,"neve_meta_title_alignment":"","neve_meta_author_avatar":"","neve_post_elements_order":"","neve_meta_disable_header":"","neve_meta_disable_footer":"","neve_meta_disable_title":"","neve_meta_reading_time":"","_themeisle_gutenberg_block_has_review":false,"footnotes":""},"categories":[189,150],"tags":[],"class_list":["post-61424","post","type-post","status-publish","format-standard","has-post-thumbnail","hentry","category-cycling","category-road-cycling"],"_links":{"self":[{"href":"https:\/\/www.siroko.com\/blog\/c\/wp-json\/wp\/v2\/posts\/61424","targetHints":{"allow":["GET"]}}],"collection":[{"href":"https:\/\/www.siroko.com\/blog\/c\/wp-json\/wp\/v2\/posts"}],"about":[{"href":"https:\/\/www.siroko.com\/blog\/c\/wp-json\/wp\/v2\/types\/post"}],"author":[{"embeddable":true,"href":"https:\/\/www.siroko.com\/blog\/c\/wp-json\/wp\/v2\/users\/1"}],"replies":[{"embeddable":true,"href":"https:\/\/www.siroko.com\/blog\/c\/wp-json\/wp\/v2\/comments?post=61424"}],"version-history":[{"count":1,"href":"https:\/\/www.siroko.com\/blog\/c\/wp-json\/wp\/v2\/posts\/61424\/revisions"}],"predecessor-version":[{"id":61428,"href":"https:\/\/www.siroko.com\/blog\/c\/wp-json\/wp\/v2\/posts\/61424\/revisions\/61428"}],"wp:featuredmedia":[{"embeddable":true,"href":"https:\/\/www.siroko.com\/blog\/c\/wp-json\/wp\/v2\/media\/61426"}],"wp:attachment":[{"href":"https:\/\/www.siroko.com\/blog\/c\/wp-json\/wp\/v2\/media?parent=61424"}],"wp:term":[{"taxonomy":"category","embeddable":true,"href":"https:\/\/www.siroko.com\/blog\/c\/wp-json\/wp\/v2\/categories?post=61424"},{"taxonomy":"post_tag","embeddable":true,"href":"https:\/\/www.siroko.com\/blog\/c\/wp-json\/wp\/v2\/tags?post=61424"}],"curies":[{"name":"wp","href":"https:\/\/api.w.org\/{rel}","templated":true}]}}